{"id":181712,"date":"2020-08-02T22:09:41","date_gmt":"2020-08-03T01:09:41","guid":{"rendered":"https:\/\/www.caririemacao.com\/1\/?p=181712"},"modified":"2020-08-02T22:09:41","modified_gmt":"2020-08-03T01:09:41","slug":"acidentes-de-motos-deixam-feridos-no-cariri","status":"publish","type":"post","link":"https:\/\/www.caririemacao.com\/1\/2020\/08\/02\/acidentes-de-motos-deixam-feridos-no-cariri\/","title":{"rendered":"Acidentes de motos deixam feridos no Cariri"},"content":{"rendered":"\n<p>Por volta das 16h47min do domingo (02), a Pol\u00edcia Militar foi acionada via COPOM para dar um apoio ao SAMU no S\u00edtio Serrote, os policiais chegaram no local e encontraram duas motocicletas envolvidas no acidente. <\/p>\n\n\n\n<p>As v\u00edtimas de 35, 53 e 65 anos de idade, j\u00e1 haviam sido socorridas pelos SAMU e levadas para o Hospital Santa Filomena. <\/p>\n\n\n\n<p>As motos foram removidas para a Delegacia de Pol\u00edcia Civil, onde o delegado plantonista ir\u00e1 realizar os procedimentos cab\u00edveis ao caso.<\/p>\n\n\n\n<p>J\u00e1 por volta das 19h00min do domingo (02), a guarni\u00e7\u00e3o foi acionada via COPOM informando de uma pessoa acidentada na BR 412, em frente ao posto canarinho, na cidade de Sum\u00e9.<\/p>\n\n\n\n<p>Segundo testemunhas, a v\u00edtima conduzia uma motocicleta e perdeu o controle vindo a cair. <\/p>\n\n\n\n<p>O SAMU se fez presente no local, e conduziu o acidentado de 50 anos de idade, que estava com diversas escoria\u00e7\u00f5es at\u00e9 o Hospital.<\/p>\n","protected":false},"excerpt":{"rendered":"<p>Por volta das 16h47min do domingo (02), a Pol\u00edcia Militar foi acionada via COPOM para dar um apoio ao SAMU no S\u00edtio Serrote, os policiais&hellip; <\/p>\n","protected":false},"author":2,"featured_media":181713,"comment_status":"closed","ping_status":"closed","sticky":false,"template":"","format":"standard","meta":{"sfsi_plus_gutenberg_text_before_share":"","sfsi_plus_gutenberg_show_text_before_share":"","sfsi_plus_gutenberg_icon_type":"","sfsi_plus_gutenberg_icon_alignemt":"","sfsi_plus_gutenburg_max_per_row":"","footnotes":""},"categories":[50,12],"tags":[],"class_list":["post-181712","post","type-post","status-publish","format-standard","has-post-thumbnail","hentry","category-destaque","category-policia"],"_links":{"self":[{"href":"https:\/\/www.caririemacao.com\/1\/wp-json\/wp\/v2\/posts\/181712","targetHints":{"allow":["GET"]}}],"collection":[{"href":"https:\/\/www.caririemacao.com\/1\/wp-json\/wp\/v2\/posts"}],"about":[{"href":"https:\/\/www.caririemacao.com\/1\/wp-json\/wp\/v2\/types\/post"}],"author":[{"embeddable":true,"href":"https:\/\/www.caririemacao.com\/1\/wp-json\/wp\/v2\/users\/2"}],"replies":[{"embeddable":true,"href":"https:\/\/www.caririemacao.com\/1\/wp-json\/wp\/v2\/comments?post=181712"}],"version-history":[{"count":1,"href":"https:\/\/www.caririemacao.com\/1\/wp-json\/wp\/v2\/posts\/181712\/revisions"}],"predecessor-version":[{"id":181714,"href":"https:\/\/www.caririemacao.com\/1\/wp-json\/wp\/v2\/posts\/181712\/revisions\/181714"}],"wp:featuredmedia":[{"embeddable":true,"href":"https:\/\/www.caririemacao.com\/1\/wp-json\/wp\/v2\/media\/181713"}],"wp:attachment":[{"href":"https:\/\/www.caririemacao.com\/1\/wp-json\/wp\/v2\/media?parent=181712"}],"wp:term":[{"taxonomy":"category","embeddable":true,"href":"https:\/\/www.caririemacao.com\/1\/wp-json\/wp\/v2\/categories?post=181712"},{"taxonomy":"post_tag","embeddable":true,"href":"https:\/\/www.caririemacao.com\/1\/wp-json\/wp\/v2\/tags?post=181712"}],"curies":[{"name":"wp","href":"https:\/\/api.w.org\/{rel}","templated":true}]}}