{"id":181715,"date":"2020-08-03T06:18:58","date_gmt":"2020-08-03T09:18:58","guid":{"rendered":"https:\/\/www.caririemacao.com\/1\/?p=181715"},"modified":"2020-08-03T06:18:58","modified_gmt":"2020-08-03T09:18:58","slug":"paraiba-contabiliza-mais-de-500-novos-casos-de-covid-19-em-24h","status":"publish","type":"post","link":"https:\/\/www.caririemacao.com\/1\/2020\/08\/03\/paraiba-contabiliza-mais-de-500-novos-casos-de-covid-19-em-24h\/","title":{"rendered":"Para\u00edba contabiliza mais de 500 novos casos de Covid-19 em 24h"},"content":{"rendered":"\n<h1 class=\"wp-block-heading\"><\/h1>\n\n\n\n<p>Neste domingo, a Para\u00edba registrou 547 novos casos de Covid-19 e 17 \u00f3bitos confirmados desde a \u00faltima atualiza\u00e7\u00e3o, 04 deles ocorridos nas \u00faltimas 24h. At\u00e9 o momento, 84.008 pessoas j\u00e1 contra\u00edram a doen\u00e7a, 36.678 j\u00e1 se recuperaram e 1.850 faleceram. At\u00e9 o momento, 243.885 testes para diagn\u00f3stico da Covid-19 j\u00e1 foram realizados.<\/p>\n\n\n\n<p>A ocupa\u00e7\u00e3o total de leitos de UTI (adulto, pedi\u00e1trico e obst\u00e9trico) em todo o estado \u00e9 de 53%. Fazendo um recorte apenas dos leitos de UTI para adultos na Regi\u00e3o Metropolitana de Jo\u00e3o Pessoa, a taxa de ocupa\u00e7\u00e3o chega a 63%. Em Campina Grande, est\u00e3o ocupados 41% dos leitos de UTI adulto e no sert\u00e3o, 57% dos leitos de UTI para adultos.<\/p>\n\n\n\n<p>O \u00edndice de Isolamento Social foi de apenas 37,9%, considerado baixo em rela\u00e7\u00e3o \u00e0 meta de 70% e \u00e0 m\u00ednima de 50%.<\/p>\n\n\n\n<p>Os casos confirmados est\u00e3o distribu\u00eddos por 222 dos 223 munic\u00edpios paraibanos:<\/p>\n\n\n\n<p>\u00c1gua Branca (49); Aguiar (23); Alagoa Grande (783); Alagoa Nova (245); Alagoinha (768); Alcantil (39); Algod\u00e3o de Janda\u00edra (5); Alhandra (579); Amparo (17); Aparecida (62); Ara\u00e7agi (464); Arara (179); Araruna (222); Areia (339); Areia de Bara\u00fanas (10); Areial (42); Aroeiras (180); Assun\u00e7\u00e3o (44); Baia da Trai\u00e7\u00e3o (480); Bananeiras (164); Bara\u00fana (129); Barra de Santa Rosa (48); Barra de Santana (82); Barra de S\u00e3o Miguel (40); Bayeux (1366); Bel\u00e9m (792); Bel\u00e9m do Brejo do Cruz (27); Bernardino Batista (6); Boa Ventura (4); Boa Vista (74); Bom Jesus (9); Bom Sucesso (17); Bonito de Santa F\u00e9 (15); Boqueir\u00e3o (300); Borborema (14); Brejo do Cruz (268); Brejo dos Santos (20); Caapor\u00e3 (897); Cabaceiras (55); Cabedelo (2409); Cachoeira dos \u00cdndios (88); Cacimba de Areia (8); Cacimba de Dentro (190); Cacimbas (42); Cai\u00e7ara (378); Cajazeiras (1263); Cajazeirinhas (19); Caldas Brand\u00e3o (165); Camala\u00fa (1); Campina Grande (10747); Capim (142); Cara\u00fabas (35); Carrapateira (38); Casserengue (211); Catingueira (17), Catol\u00e9 do Rocha (254); Caturit\u00e9 (91); Concei\u00e7\u00e3o (364); Condado (112); Conde (654); Congo (67); Coremas (121); Coxixola (20); Cruz do Esp\u00edrito Santo (264); Cubati (70); Cuit\u00e9 (154); Cuit\u00e9 de Mamanguape (101); Cuiteg\u00ed (332); Curral de Cima (24); Curral Velho (1),<\/p>\n\n\n\n<p>Dami\u00e3o (17); Desterro (50); Diamante (67); Dona In\u00eas (83); Duas Estradas (65); Emas (41); Esperan\u00e7a (407); Fagundes (81); Frei Martinho (6); Gado Bravo (95); Guarabira (3438); Gurinh\u00e9m (400); Gurj\u00e3o (20); Ibiara (38); Igaracy (8); Imaculada (39); Ing\u00e1 (996); Itabaiana (985); Itaporanga (150); Itapororoca (605); Itatuba (285); Jacara\u00fa (263); Jeric\u00f3 (10); Jo\u00e3o Pessoa (21863); Joca Claudino (4); Juarez T\u00e1vora (262); Juazeirinho (153); Junco do Serid\u00f3 (38); Juripiranga (436); Juru (68); Lagoa (6); Lagoa de Dentro (112); Lagoa Seca (615); Lastro (16); Livramento (78); Logradouro (123); Lucena (337); M\u00e3e d\u2019\u00c1gua (18); Malta (83); Mamanguape (2060); Mana\u00edra (10); Marca\u00e7\u00e3o (252); Mari (992); Mariz\u00f3polis (24); Massaranduba (303); Mataraca (150); Matinhas (70); Mato Grosso (14); Matureia (29); Mogeiro (141); Montadas (38); Monte Horebe (13); Monteiro (283); Mulungu (302); Natuba (49); Nazarezinho (32); Nova Floresta (51), Nova Olinda (12); Nova Palmeira (53); Olho D\u00b4\u00c1gua (37); Olivedos (69); Parari (5); Passagem (30); Patos (2588); Paulista (141); Pedra Branca (1); Pedra Lavrada (34); Pedras de Fogo (1222); Pedro R\u00e9gis (41); Pianc\u00f3 (136); Picu\u00ed (177); Pilar (267); Pil\u00f5es (89); Pil\u00f5ezinhos (228); Pirpirituba (246); Pitimbu (574); Pocinhos (119); Po\u00e7o Dantas (4); Po\u00e7o de Jos\u00e9 Moura (15); Pombal (365); Prata (5); Princesa Isabel (63); Puxinan\u00e3 (249);<\/p>\n\n\n\n<p>Queimadas (927); Quixaba (27); Rem\u00edgio (224); Riach\u00e3o (62); Riach\u00e3o do Bacamarte (215); Riach\u00e3o do Po\u00e7o (84); Riacho de Santo Ant\u00f4nio (28); Riacho dos Cavalos (11); Rio Tinto (944); Salgadinho (25); Salgado de S\u00e3o Felix (206); Santa Cec\u00edlia (59); Santa Cruz (46); Santa Helena (20); Santa In\u00eas (48); Santa Luzia (205); Santa Rita (2332); Santa Terezinha (52); Santana de Mangueira (5); Santana dos Garrotes (17); Santo Andr\u00e9 (14); S\u00e3o Bentinho (40); S\u00e3o Bento (1390); S\u00e3o Domingos (1); S\u00e3o Domingos do Cariri (43); S\u00e3o Francisco (33); S\u00e3o Jo\u00e3o do Cariri (94); S\u00e3o Jo\u00e3o do Rio do Peixe (204); S\u00e3o Jo\u00e3o do Tigre (8); S\u00e3o Jos\u00e9 da Lagoa Tapada (44); S\u00e3o Jos\u00e9 de Caiana (35); S\u00e3o Jos\u00e9 de Espinharas (28); S\u00e3o Jos\u00e9 de Piranhas (148); S\u00e3o Jos\u00e9 de Princesa (2); S\u00e3o Jos\u00e9 do Bonfim (57); S\u00e3o Jos\u00e9 do Brejo do Cruz (9); S\u00e3o Jos\u00e9 do Sabugi (193); S\u00e3o Jos\u00e9 dos Cordeiros (32); S\u00e3o Jos\u00e9 dos Ramos (214); S\u00e3o Mamede (39); S\u00e3o Miguel de Taipu (119); S\u00e3o Sebasti\u00e3o de Lagoa de Ro\u00e7a (184); S\u00e3o Sebasti\u00e3o do Umbuzeiro (8); S\u00e3o Vicente do Serid\u00f3 (46); Sap\u00e9 (899); Serra Branca (130); Serra da Ra\u00edz (18); Serra Grande (9); Serra Redonda (219); Serraria (128); Sert\u00e3ozinho (129); Sobrado (173); Sol\u00e2nea (326); Soledade (134); Sossego (9), Sousa (1289); Sum\u00e9 (201); Tacima (113); Tapero\u00e1 (67); Tavares (81); Teixeira (150); Ten\u00f3rio (14); Triunfo (42); Uira\u00fana (57); Umbuzeiro (72); V\u00e1rzea (14); Vieir\u00f3polis (4); Vista Serrana (3), Zabel\u00ea (22).<\/p>\n\n\n\n<p>*Dados oficiais preliminares (fonte: SIM, e-sus VE e SIVEP) extra\u00eddos \u00e0s 10h do dia 02\/08, sujeitos a altera\u00e7\u00e3o por parte dos munic\u00edpios.<\/p>\n\n\n\n<p>Os 17 \u00f3bitos registrados neste domingo ocorreram entre 29 de maio e 01 de agosto, 04 deles nas \u00faltimas 24 horas. Os pacientes tinham idade entre 36 e 90 anos, sendo 76,5% deles idosos. Sobre o local, 03 aconteceram em hospitais privados e 14 em hospitais p\u00fablicos. Hipertens\u00e3o e diabetes foram as comorbidades mais frequentes.<\/p>\n\n\n\n<p>Mulher, 50 anos, residente em Condado. Hipertensa. In\u00edcio dos sintomas em 27\/07\/2020. Foi a \u00f3bito em hospital p\u00fablico no dia 01\/08\/2020.<\/p>\n\n\n\n<p>Homem, 65 anos, residente em Catol\u00e9 do Rocha. Portador de doen\u00e7a respirat\u00f3ria e hipertens\u00e3o. In\u00edcio dos sintomas em 28\/07\/2020. Foi a \u00f3bito em hospital p\u00fablico no dia 01\/08\/2020.<\/p>\n\n\n\n<p>Mulher, 75 anos, residente em Cajazeiras. Hipertensa e diab\u00e9tica. In\u00edcio dos sintomas em 11\/07\/2020. Foi a \u00f3bito em hospital p\u00fablico no dia 01\/08\/2020.<\/p>\n\n\n\n<p>Mulher, 78 anos, residente em Teixeira. Hipertensa. In\u00edcio dos sintomas em 23\/07\/2020. Foi a \u00f3bito em hospital p\u00fablico no dia 01\/08\/2020.<\/p>\n\n\n\n<p>Homem, 36 anos, residente em Sol\u00e2nea. Portador de doen\u00e7a respirat\u00f3ria. In\u00edcio dos sintomas em 22\/07\/2020. Foi a \u00f3bito em hospital p\u00fablico no dia 30\/07\/2020.<\/p>\n\n\n\n<p>Mulher, 75 anos, residente em Campina Grande.Portadora de doen\u00e7a renal. In\u00edcio dos sintomas em 09\/07\/2020. Foi a \u00f3bito em hospital privado no dia 29\/07\/2020.<\/p>\n\n\n\n<p>Mulher, 71 anos, residente em Jo\u00e3o Pessoa. In\u00edcio dos sintomas em 11\/07\/2020. Hipertensa. Foi a \u00f3bito em hospital p\u00fablico no dia 28\/07\/2020.<\/p>\n\n\n\n<p>Homem, 75 anos, residente em Santa Rita. Hipertenso e diab\u00e9tico. In\u00edcio dos sintomas em 24\/07\/2020. Foi a \u00f3bito em hospital p\u00fablico no dia 28\/07\/2020.<\/p>\n\n\n\n<p>Homem, 62 anos, residente em Itabaiana. Portador de obesidade e diabetes. In\u00edcio dos sintomas em 28\/06\/2020. Foi a \u00f3bito em hospital p\u00fablico no dia 25\/07\/2020.<\/p>\n\n\n\n<p>Mulher, 73 anos, residente em Jo\u00e3o Pessoa. Cardiopata e diab\u00e9tica. In\u00edcio dos sintomas em 01\/07\/2020. Foi a \u00f3bito em hospital p\u00fablico no dia 23\/07\/2020.<\/p>\n\n\n\n<p>Mulher, 79 anos, residente em S\u00e3o Miguel de Taipu. In\u00edcio dos sintomas em 08\/06\/2020. Hipertensa, diab\u00e9tica e cardiopata. Foi a \u00f3bito em hospital p\u00fablico no dia 21\/06\/2020.<\/p>\n\n\n\n<p>Homem, 73 anos, residente em Jo\u00e3o Pessoa. Imunossuprimido. In\u00edcio dos sintomas em 28\/05\/2020. Foi a \u00f3bito em hospital p\u00fablico no dia 19\/06\/2020.<\/p>\n\n\n\n<p>Homem, 90 anos, residente em Jo\u00e3o Pessoa. In\u00edcio dos sintomas em 08\/06\/2020. Hipertenso e portador de hipotireidismo. Foi a \u00f3bito em hospital privado no dia 18\/06\/2020.<\/p>\n\n\n\n<p>Mulher, 83 anos, residente em Jo\u00e3o Pessoa. In\u00edcio dos sintomas em 05\/05\/2020. Sem informa\u00e7\u00e3o de comorbidade. Foi a \u00f3bito em hospital privado no dia 14\/06\/2020.<\/p>\n\n\n\n<p>Homem, 65 anos, residente em Jo\u00e3o Pessoa. Portador de diabetes e doen\u00e7a renal. In\u00edcio dos sintomas em 10\/06\/2020. Foi a \u00f3bito em hospital p\u00fablico no dia 12\/06\/2020.<\/p>\n\n\n\n<p>Mulher, 89 anos, residente em Santa Rita. In\u00edcio dos sintomas em 23\/05\/2020. Cardiopata e hipertensa. Foi a \u00f3bito em hospital p\u00fablico no dia 05\/06\/2020.<\/p>\n\n\n\n<p>Homem, 60 anos, residente em Santa Rita. In\u00edcio dos sintomas em 09\/05\/2020. Diab\u00e9tico. Foi a \u00f3bito em hospital p\u00fablico no dia 29\/05\/2020.<\/p>\n\n\n\n<p>Os dados epidemiol\u00f3gicos e de ocupa\u00e7\u00e3o de leitos est\u00e3o dispon\u00edveis em www.paraiba.pb.gov.br\/coronavirus<\/p>\n","protected":false},"excerpt":{"rendered":"<p>Neste domingo, a Para\u00edba registrou 547 novos casos de Covid-19 e 17 \u00f3bitos confirmados desde a \u00faltima atualiza\u00e7\u00e3o, 04 deles ocorridos nas \u00faltimas 24h. At\u00e9&hellip; <\/p>\n","protected":false},"author":2,"featured_media":181716,"comment_status":"closed","ping_status":"closed","sticky":false,"template":"","format":"standard","meta":{"sfsi_plus_gutenberg_text_before_share":"","sfsi_plus_gutenberg_show_text_before_share":"","sfsi_plus_gutenberg_icon_type":"","sfsi_plus_gutenberg_icon_alignemt":"","sfsi_plus_gutenburg_max_per_row":"","footnotes":""},"categories":[50,2],"tags":[],"class_list":["post-181715","post","type-post","status-publish","format-standard","has-post-thumbnail","hentry","category-destaque","category-geral"],"_links":{"self":[{"href":"https:\/\/www.caririemacao.com\/1\/wp-json\/wp\/v2\/posts\/181715","targetHints":{"allow":["GET"]}}],"collection":[{"href":"https:\/\/www.caririemacao.com\/1\/wp-json\/wp\/v2\/posts"}],"about":[{"href":"https:\/\/www.caririemacao.com\/1\/wp-json\/wp\/v2\/types\/post"}],"author":[{"embeddable":true,"href":"https:\/\/www.caririemacao.com\/1\/wp-json\/wp\/v2\/users\/2"}],"replies":[{"embeddable":true,"href":"https:\/\/www.caririemacao.com\/1\/wp-json\/wp\/v2\/comments?post=181715"}],"version-history":[{"count":1,"href":"https:\/\/www.caririemacao.com\/1\/wp-json\/wp\/v2\/posts\/181715\/revisions"}],"predecessor-version":[{"id":181717,"href":"https:\/\/www.caririemacao.com\/1\/wp-json\/wp\/v2\/posts\/181715\/revisions\/181717"}],"wp:featuredmedia":[{"embeddable":true,"href":"https:\/\/www.caririemacao.com\/1\/wp-json\/wp\/v2\/media\/181716"}],"wp:attachment":[{"href":"https:\/\/www.caririemacao.com\/1\/wp-json\/wp\/v2\/media?parent=181715"}],"wp:term":[{"taxonomy":"category","embeddable":true,"href":"https:\/\/www.caririemacao.com\/1\/wp-json\/wp\/v2\/categories?post=181715"},{"taxonomy":"post_tag","embeddable":true,"href":"https:\/\/www.caririemacao.com\/1\/wp-json\/wp\/v2\/tags?post=181715"}],"curies":[{"name":"wp","href":"https:\/\/api.w.org\/{rel}","templated":true}]}}