{"id":181722,"date":"2020-08-03T06:23:39","date_gmt":"2020-08-03T09:23:39","guid":{"rendered":"https:\/\/www.caririemacao.com\/1\/?p=181722"},"modified":"2020-08-03T06:23:39","modified_gmt":"2020-08-03T09:23:39","slug":"covid-19-brasil-tem-2733-milhoes-de-contaminados-e-941-mil-mortos","status":"publish","type":"post","link":"https:\/\/www.caririemacao.com\/1\/2020\/08\/03\/covid-19-brasil-tem-2733-milhoes-de-contaminados-e-941-mil-mortos\/","title":{"rendered":"Covid-19: Brasil tem 2,733 milh\u00f5es de contaminados e 94,1 mil mortos"},"content":{"rendered":"\n<h1 class=\"wp-block-heading\"><\/h1>\n\n\n\n<p>Mais 541 pessoas morreram por causa da Covid-19 no Brasil, conforme registros oficiais neste domingo (2). Com isso, o total de mortos chega a 94.104 desde mar\u00e7o \u2013 45 casos a cada 100 mil habitantes.&nbsp; As informa\u00e7\u00f5es s\u00e3o do<a href=\"https:\/\/paraibaonline.com.br\/2020\/08\/paraiba-contabiliza-mais-de-500-novos-casos-de-covid-19-em-24h\/\">&nbsp;Minist\u00e9rio da Sa\u00fade e est\u00e3o dispon\u00edveis na internet.<\/a><\/p>\n\n\n\n<p>De acordo com a atualiza\u00e7\u00e3o dos dados deste domingo (2), 25,8 mil pessoas foram infectadas pelo v\u00edrus desde ontem. O balan\u00e7o totaliza 2,733 milh\u00f5es de casos de contamina\u00e7\u00e3o pelo novo coronav\u00edrus \u2013 1.301 casos a cada grupo de 100 mil habitantes. Segundo o minist\u00e9rio, 1,883 milh\u00f5es de pessoas recuperaram a sa\u00fade depois da infec\u00e7\u00e3o.<\/p>\n\n\n\n<p>A Regi\u00e3o Sudeste registra um total de 942.948 casos de infec\u00e7\u00e3o por covid-19, seguida pela Regi\u00e3o Nordeste com 878,1 mil casos. No Norte do pa\u00eds, somam 414.492 casos. No Centro-Oeste, 259.509 casos. E no Sul, 238.627 infectados.<\/p>\n\n\n\n<p>O Estado de S\u00e3o Paulo, o mais populoso e com maior n\u00famero de contamina\u00e7\u00f5es, registra hoje mais 6.397 casos, somando 558.685 casos desde o in\u00edcio da pandemia \u2013 1.217 casos acumulados em 100 mil habitantes.<\/p>\n\n\n\n<p>Nesse per\u00edodo, totalizam 23.317 mortes no estado \u2013 81 novos falecimentos registradas neste domingo por causa da pandemia \u2013 51 \u00f3bitos a cada grupo de 100 mil habitantes.<\/p>\n","protected":false},"excerpt":{"rendered":"<p>Mais 541 pessoas morreram por causa da Covid-19 no Brasil, conforme registros oficiais neste domingo (2). Com isso, o total de mortos chega a 94.104&hellip; <\/p>\n","protected":false},"author":2,"featured_media":181723,"comment_status":"closed","ping_status":"closed","sticky":false,"template":"","format":"standard","meta":{"sfsi_plus_gutenberg_text_before_share":"","sfsi_plus_gutenberg_show_text_before_share":"","sfsi_plus_gutenberg_icon_type":"","sfsi_plus_gutenberg_icon_alignemt":"","sfsi_plus_gutenburg_max_per_row":"","footnotes":""},"categories":[50,2],"tags":[],"class_list":["post-181722","post","type-post","status-publish","format-standard","has-post-thumbnail","hentry","category-destaque","category-geral"],"_links":{"self":[{"href":"https:\/\/www.caririemacao.com\/1\/wp-json\/wp\/v2\/posts\/181722","targetHints":{"allow":["GET"]}}],"collection":[{"href":"https:\/\/www.caririemacao.com\/1\/wp-json\/wp\/v2\/posts"}],"about":[{"href":"https:\/\/www.caririemacao.com\/1\/wp-json\/wp\/v2\/types\/post"}],"author":[{"embeddable":true,"href":"https:\/\/www.caririemacao.com\/1\/wp-json\/wp\/v2\/users\/2"}],"replies":[{"embeddable":true,"href":"https:\/\/www.caririemacao.com\/1\/wp-json\/wp\/v2\/comments?post=181722"}],"version-history":[{"count":1,"href":"https:\/\/www.caririemacao.com\/1\/wp-json\/wp\/v2\/posts\/181722\/revisions"}],"predecessor-version":[{"id":181724,"href":"https:\/\/www.caririemacao.com\/1\/wp-json\/wp\/v2\/posts\/181722\/revisions\/181724"}],"wp:featuredmedia":[{"embeddable":true,"href":"https:\/\/www.caririemacao.com\/1\/wp-json\/wp\/v2\/media\/181723"}],"wp:attachment":[{"href":"https:\/\/www.caririemacao.com\/1\/wp-json\/wp\/v2\/media?parent=181722"}],"wp:term":[{"taxonomy":"category","embeddable":true,"href":"https:\/\/www.caririemacao.com\/1\/wp-json\/wp\/v2\/categories?post=181722"},{"taxonomy":"post_tag","embeddable":true,"href":"https:\/\/www.caririemacao.com\/1\/wp-json\/wp\/v2\/tags?post=181722"}],"curies":[{"name":"wp","href":"https:\/\/api.w.org\/{rel}","templated":true}]}}