{"id":181738,"date":"2020-08-03T06:57:48","date_gmt":"2020-08-03T09:57:48","guid":{"rendered":"https:\/\/www.caririemacao.com\/1\/?p=181738"},"modified":"2020-08-03T06:57:48","modified_gmt":"2020-08-03T09:57:48","slug":"casal-e-preso-com-30-quilos-de-maconha-no-interior-da-paraiba","status":"publish","type":"post","link":"https:\/\/www.caririemacao.com\/1\/2020\/08\/03\/casal-e-preso-com-30-quilos-de-maconha-no-interior-da-paraiba\/","title":{"rendered":"Casal \u00e9 preso com 30 quilos de maconha no interior da Para\u00edba"},"content":{"rendered":"\n<h1 class=\"wp-block-heading\"><\/h1>\n\n\n\n<p>Duas pessoas foram presas, na madrugada deste domingo (2), no momento em que transportavam cerca de 30 quilos de maconha. O entorpecente estava escondido no interior de um ve\u00edculo, que tamb\u00e9m foi apreendido. A a\u00e7\u00e3o foi realizada por equipes da Policia Rodovi\u00e1ria&nbsp;Federal&nbsp; e&nbsp; Pol\u00edcia Civil da Para\u00edba.<\/p>\n\n\n\n<p>Segundo o delegado Bruno Germano, da Delegacia de Repress\u00e3o a Entorpecentes de Jo\u00e3o Pessoa,&nbsp; o flagrante ocorreu na BR-230, nas imedia\u00e7\u00f5es do Posto da Pol\u00edcia Rodovi\u00e1ria&nbsp; Federal, situado na&nbsp; localidade conhecida como Caf\u00e9 dos Ventos, no interior da Para\u00edba.<\/p>\n\n\n\n<p>Os dois presos, sendo um homem e uma mulher, estavam a bordo de um ve\u00edculo modelo \u00d4nix, quando foram interceptados pelos policiais.&nbsp;Durante as buscas feitas no carro, foram encontrados diversos tabletes dos entorpecentes.<\/p>\n\n\n\n<p>O casal e os objetos apreendidos foram encaminhados para a delegacia. Os presos foram autuados em flagrante delito por pr\u00e1tica de crimes de tr\u00e1fico de drogas e associa\u00e7\u00e3o para o tr\u00e1fico.&nbsp;Eles foram encaminhados ao sistema prisional, onde ir\u00e3o&nbsp;aguardar decis\u00e3o judicial.<\/p>\n","protected":false},"excerpt":{"rendered":"<p>Duas pessoas foram presas, na madrugada deste domingo (2), no momento em que transportavam cerca de 30 quilos de maconha. O entorpecente estava escondido no&hellip; <\/p>\n","protected":false},"author":2,"featured_media":181739,"comment_status":"closed","ping_status":"closed","sticky":false,"template":"","format":"standard","meta":{"sfsi_plus_gutenberg_text_before_share":"","sfsi_plus_gutenberg_show_text_before_share":"","sfsi_plus_gutenberg_icon_type":"","sfsi_plus_gutenberg_icon_alignemt":"","sfsi_plus_gutenburg_max_per_row":"","footnotes":""},"categories":[12],"tags":[],"class_list":["post-181738","post","type-post","status-publish","format-standard","has-post-thumbnail","hentry","category-policia"],"_links":{"self":[{"href":"https:\/\/www.caririemacao.com\/1\/wp-json\/wp\/v2\/posts\/181738","targetHints":{"allow":["GET"]}}],"collection":[{"href":"https:\/\/www.caririemacao.com\/1\/wp-json\/wp\/v2\/posts"}],"about":[{"href":"https:\/\/www.caririemacao.com\/1\/wp-json\/wp\/v2\/types\/post"}],"author":[{"embeddable":true,"href":"https:\/\/www.caririemacao.com\/1\/wp-json\/wp\/v2\/users\/2"}],"replies":[{"embeddable":true,"href":"https:\/\/www.caririemacao.com\/1\/wp-json\/wp\/v2\/comments?post=181738"}],"version-history":[{"count":1,"href":"https:\/\/www.caririemacao.com\/1\/wp-json\/wp\/v2\/posts\/181738\/revisions"}],"predecessor-version":[{"id":181740,"href":"https:\/\/www.caririemacao.com\/1\/wp-json\/wp\/v2\/posts\/181738\/revisions\/181740"}],"wp:featuredmedia":[{"embeddable":true,"href":"https:\/\/www.caririemacao.com\/1\/wp-json\/wp\/v2\/media\/181739"}],"wp:attachment":[{"href":"https:\/\/www.caririemacao.com\/1\/wp-json\/wp\/v2\/media?parent=181738"}],"wp:term":[{"taxonomy":"category","embeddable":true,"href":"https:\/\/www.caririemacao.com\/1\/wp-json\/wp\/v2\/categories?post=181738"},{"taxonomy":"post_tag","embeddable":true,"href":"https:\/\/www.caririemacao.com\/1\/wp-json\/wp\/v2\/tags?post=181738"}],"curies":[{"name":"wp","href":"https:\/\/api.w.org\/{rel}","templated":true}]}}