{"id":181746,"date":"2020-08-03T07:03:32","date_gmt":"2020-08-03T10:03:32","guid":{"rendered":"https:\/\/www.caririemacao.com\/1\/?p=181746"},"modified":"2020-08-03T07:03:32","modified_gmt":"2020-08-03T10:03:32","slug":"astronautas-da-nasa-pousam-em-seguranca-no-mar-da-florida-apos-2-meses-no-espaco","status":"publish","type":"post","link":"https:\/\/www.caririemacao.com\/1\/2020\/08\/03\/astronautas-da-nasa-pousam-em-seguranca-no-mar-da-florida-apos-2-meses-no-espaco\/","title":{"rendered":"Astronautas da Nasa pousam em seguran\u00e7a no mar da Fl\u00f3rida ap\u00f3s 2 meses no espa\u00e7o"},"content":{"rendered":"\n<h1 class=\"wp-block-heading\"><\/h1>\n\n\n\n<p>Os astronautas da Nasa Doug Hurley e Bob Behnken pousaram em seguran\u00e7a neste domingo (2), ap\u00f3s 2 meses no espa\u00e7o. Essa foi a primeira miss\u00e3o tripulada da ag\u00eancia espacial norte-americana em parceria com a SpaceX, do bilion\u00e1rio Elon Musk.<\/p>\n\n\n\n<p>O retorno \u00e0 Terra come\u00e7ou no s\u00e1bado (1\u00ba) com a desacoplagem da c\u00e1psula Crew Dragon da Esta\u00e7\u00e3o Espacial Internacional. Como planejado, o pouso aconteceu no Golfo do M\u00e9xico, pr\u00f3ximo da costa da Fl\u00f3rida, \u00e0s 15h48.&nbsp;<\/p>\n\n\n\n<p>O momento do pouso da c\u00e1psula foi acompanhado por mais de 550 mil pessoas durante a transmiss\u00e3o ao vivo da Nasa em seu canal no YouTube.<\/p>\n\n\n\n<p>Por volta das 16h20, barcos da Nasa e da SpaceX fizeram o resgate da c\u00e1psula que trouxe os astronautas da Esta\u00e7\u00e3o Espacial para a Terra.<\/p>\n\n\n\n<p>Desde 1975, os astronautas que retornam do espa\u00e7o n\u00e3o pousavam na \u00e1gua. A&nbsp; miss\u00e3o Apollo-Soyuz foi a \u00faltima a realizar esse tipo de pouso.<\/p>\n\n\n\n<p>O retorno bem-sucedido deve marcar o in\u00edcio de uma nova fase de lan\u00e7amentos com equipamentos projetados pela SpaceX. At\u00e9 ent\u00e3o, a Nasa estava utilizando foguetes russos para enviar suprimentos e novos tripulantes at\u00e9 a Esta\u00e7\u00e3o Espacial.<\/p>\n","protected":false},"excerpt":{"rendered":"<p>Os astronautas da Nasa Doug Hurley e Bob Behnken pousaram em seguran\u00e7a neste domingo (2), ap\u00f3s 2 meses no espa\u00e7o. Essa foi a primeira miss\u00e3o&hellip; <\/p>\n","protected":false},"author":2,"featured_media":181747,"comment_status":"closed","ping_status":"closed","sticky":false,"template":"","format":"standard","meta":{"sfsi_plus_gutenberg_text_before_share":"","sfsi_plus_gutenberg_show_text_before_share":"","sfsi_plus_gutenberg_icon_type":"","sfsi_plus_gutenberg_icon_alignemt":"","sfsi_plus_gutenburg_max_per_row":"","footnotes":""},"categories":[50,2],"tags":[],"class_list":["post-181746","post","type-post","status-publish","format-standard","has-post-thumbnail","hentry","category-destaque","category-geral"],"_links":{"self":[{"href":"https:\/\/www.caririemacao.com\/1\/wp-json\/wp\/v2\/posts\/181746","targetHints":{"allow":["GET"]}}],"collection":[{"href":"https:\/\/www.caririemacao.com\/1\/wp-json\/wp\/v2\/posts"}],"about":[{"href":"https:\/\/www.caririemacao.com\/1\/wp-json\/wp\/v2\/types\/post"}],"author":[{"embeddable":true,"href":"https:\/\/www.caririemacao.com\/1\/wp-json\/wp\/v2\/users\/2"}],"replies":[{"embeddable":true,"href":"https:\/\/www.caririemacao.com\/1\/wp-json\/wp\/v2\/comments?post=181746"}],"version-history":[{"count":1,"href":"https:\/\/www.caririemacao.com\/1\/wp-json\/wp\/v2\/posts\/181746\/revisions"}],"predecessor-version":[{"id":181748,"href":"https:\/\/www.caririemacao.com\/1\/wp-json\/wp\/v2\/posts\/181746\/revisions\/181748"}],"wp:featuredmedia":[{"embeddable":true,"href":"https:\/\/www.caririemacao.com\/1\/wp-json\/wp\/v2\/media\/181747"}],"wp:attachment":[{"href":"https:\/\/www.caririemacao.com\/1\/wp-json\/wp\/v2\/media?parent=181746"}],"wp:term":[{"taxonomy":"category","embeddable":true,"href":"https:\/\/www.caririemacao.com\/1\/wp-json\/wp\/v2\/categories?post=181746"},{"taxonomy":"post_tag","embeddable":true,"href":"https:\/\/www.caririemacao.com\/1\/wp-json\/wp\/v2\/tags?post=181746"}],"curies":[{"name":"wp","href":"https:\/\/api.w.org\/{rel}","templated":true}]}}