{"id":181750,"date":"2020-08-03T07:07:14","date_gmt":"2020-08-03T10:07:14","guid":{"rendered":"https:\/\/www.caririemacao.com\/1\/?p=181750"},"modified":"2020-08-03T07:07:14","modified_gmt":"2020-08-03T10:07:14","slug":"jair-bolsonaro-confirma-aval-para-guedes-discutir-nova-cpmf-mas-quer-substituicao-de-impostos","status":"publish","type":"post","link":"https:\/\/www.caririemacao.com\/1\/2020\/08\/03\/jair-bolsonaro-confirma-aval-para-guedes-discutir-nova-cpmf-mas-quer-substituicao-de-impostos\/","title":{"rendered":"Jair Bolsonaro confirma aval para Guedes discutir nova CPMF, mas quer substitui\u00e7\u00e3o de impostos"},"content":{"rendered":"\n<h1 class=\"wp-block-heading\"><\/h1>\n\n\n\n<p>Bolsonaro, por\u00e9m, disse ter cobrado de seu ministro da Economia que esclare\u00e7a no debate que n\u00e3o se trata de um novo imposto, mas de uma substitui\u00e7\u00e3o tribut\u00e1ria. Em sua campanha e at\u00e9 o ano passado, o presidente se manifestava contra a cria\u00e7\u00e3o de novos impostos.<\/p>\n\n\n\n<p>&#8220;O que eu falei com o Paulo Guedes, voc\u00ea fala CPMF, n\u00e9, pode ser o imposto que voc\u00ea quiser, tem que ver por outro lado o que vai deixar de existir. Se vai diminuir a tabela do Imposto de Renda, o percentual, ou aumentar a isen\u00e7\u00e3o, ou desonerar a folha de pagamentos, se vai tamb\u00e9m acabar com o IPI&#8221;, disse Bolsonaro em uma padaria no Lago Norte, \u00e1rea nobre de Bras\u00edlia, para onde foi de moto em um passeio de cerca de uma hora na manh\u00e3 de domingo.<\/p>\n\n\n\n<p>&#8220;Ent\u00e3o, falei com ele, quando for apresentar a voc\u00eas, botar os dois lados da balan\u00e7a. Se o povo n\u00e3o quiser, [&#8230;] se n\u00e3o quiser mexer, deixa como est\u00e1&#8221;, afirmou o presidente.<\/p>\n\n\n\n<p>Na sexta-feira (31), a Folha antecipou que, em conversa recente, o presidente disse que o ministro pode voltar a testar o apoio ao tributo em eventuais tratativas com deputados e senadores. Nos bastidores, no entanto, Bolsonaro reconhece que dificilmente um novo imposto ter\u00e1 apoio no Poder Legislativo. E considera que a iniciativa, caso seja viabilizada, pode desgastar a imagem do governo.<\/p>\n\n\n\n<p>Em troca do imposto sobre transa\u00e7\u00f5es digitais, o Minist\u00e9rio da Economia estuda propor uma desonera\u00e7\u00e3o de at\u00e9 25% da folha de pagamento das empresas para todas as faixas salariais.<\/p>\n\n\n\n<p>Ainda assim, l\u00edderes partid\u00e1rios resistem \u00e0 proposta. Em semin\u00e1rio realizado pela Folha em parceria com a CNI (Confedera\u00e7\u00e3o Nacional da Ind\u00fastria), o presidente da C\u00e2mara dos Deputados, Rodrigo Maia (DEM-RJ), ironizou a iniciativa.<br>No ano passado, as discuss\u00f5es sobre o novo imposto ajudaram a derrubar o ent\u00e3o secret\u00e1rio especial da Receita Federal, Marcos Cintra. A cria\u00e7\u00e3o desta nova CPMF n\u00e3o entrou na primeira parte da proposta de reforma tribut\u00e1ria apresentada pelo governo ao Congresso em julho.<\/p>\n\n\n\n<p>Neste domingo, Bolsonaro disse que ainda n\u00e3o h\u00e1 previs\u00e3o de data para que a segunda etapa seja entregue.<\/p>\n\n\n\n<p>&#8220;Todo mundo falando sobre tudo. Ela s\u00f3 vai para o Congresso por assinatura minha. N\u00e3o tem aumento de carga tribut\u00e1ria. Voc\u00ea pode substituir imposto, agora, aumentar, o pessoal n\u00e3o aguenta mais pagar imposto&#8221;, afirmou o presidente.<\/p>\n\n\n\n<p>Esta \u00e9 a primeira vez que Bolsonaro conversa rapidamente com os jornalistas em Bras\u00edlia. Desde o agravamento da crise pol\u00edtica \u2013asseverada pela pris\u00e3o do ex-policial militar Fabr\u00edcio Queiroz, ex-assessor do senador Fl\u00e1vio Bolsonaro (Republicanos-RJ)\u2013, o presidente est\u00e1 mais recluso e conversa apenas com apoiadores nos jardins do Pal\u00e1cio da Alvorada, longe das c\u00e2meras e microfones.<\/p>\n\n\n\n<p>Bolsonaro passou 20 dias sem sair do Alvorada porque estava infectado pelo novo coronav\u00edrus. H\u00e1 pouco mais de uma semana, no s\u00e1bado (25), ele informou nas redes sociais que seu quarto teste para Covid-19 havia dado negativo e, no mesmo dia, saiu para dar uma volta de motocicleta.<\/p>\n\n\n\n<p>No passeio deste domingo, Bolsonaro saiu sem m\u00e1scara, apesar de o item ser de uso obrigat\u00f3rio em todo o Distrito Federal.<\/p>\n\n\n\n<p>Ao conversar com os jornalistas, o presidente voltou a criticar a politica de fechamento de com\u00e9rcios adotada por prefeitos e governadores em uma tentativa de minimizar a dissemina\u00e7\u00e3o do novo coronav\u00edrus.<\/p>\n\n\n\n<p>Sem citar nomes, ele criticou quem defende que o aux\u00edlio emergencial de R$ 600 para trabalhadores informais seja perenizado.<\/p>\n\n\n\n<p>&#8220;Alguns est\u00e3o defendendo o aux\u00edlio indefinido. Esses mesmos que quebraram os estados deles, esse mesmo governador que quebrou seu estado, est\u00e1 defendendo agora o [aux\u00edlio] emergencial de forma permanente. S\u00f3 que, por m\u00eas, s\u00e3o R$ 50 bilh\u00f5es. V\u00e3o arrebentar com a economia do Brasil&#8221;, disse o presidente da Rep\u00fablica.<\/p>\n","protected":false},"excerpt":{"rendered":"<p>Bolsonaro, por\u00e9m, disse ter cobrado de seu ministro da Economia que esclare\u00e7a no debate que n\u00e3o se trata de um novo imposto, mas de uma&hellip; <\/p>\n","protected":false},"author":2,"featured_media":181751,"comment_status":"closed","ping_status":"closed","sticky":false,"template":"","format":"standard","meta":{"sfsi_plus_gutenberg_text_before_share":"","sfsi_plus_gutenberg_show_text_before_share":"","sfsi_plus_gutenberg_icon_type":"","sfsi_plus_gutenberg_icon_alignemt":"","sfsi_plus_gutenburg_max_per_row":"","footnotes":""},"categories":[11],"tags":[],"class_list":["post-181750","post","type-post","status-publish","format-standard","has-post-thumbnail","hentry","category-politica"],"_links":{"self":[{"href":"https:\/\/www.caririemacao.com\/1\/wp-json\/wp\/v2\/posts\/181750","targetHints":{"allow":["GET"]}}],"collection":[{"href":"https:\/\/www.caririemacao.com\/1\/wp-json\/wp\/v2\/posts"}],"about":[{"href":"https:\/\/www.caririemacao.com\/1\/wp-json\/wp\/v2\/types\/post"}],"author":[{"embeddable":true,"href":"https:\/\/www.caririemacao.com\/1\/wp-json\/wp\/v2\/users\/2"}],"replies":[{"embeddable":true,"href":"https:\/\/www.caririemacao.com\/1\/wp-json\/wp\/v2\/comments?post=181750"}],"version-history":[{"count":1,"href":"https:\/\/www.caririemacao.com\/1\/wp-json\/wp\/v2\/posts\/181750\/revisions"}],"predecessor-version":[{"id":181752,"href":"https:\/\/www.caririemacao.com\/1\/wp-json\/wp\/v2\/posts\/181750\/revisions\/181752"}],"wp:featuredmedia":[{"embeddable":true,"href":"https:\/\/www.caririemacao.com\/1\/wp-json\/wp\/v2\/media\/181751"}],"wp:attachment":[{"href":"https:\/\/www.caririemacao.com\/1\/wp-json\/wp\/v2\/media?parent=181750"}],"wp:term":[{"taxonomy":"category","embeddable":true,"href":"https:\/\/www.caririemacao.com\/1\/wp-json\/wp\/v2\/categories?post=181750"},{"taxonomy":"post_tag","embeddable":true,"href":"https:\/\/www.caririemacao.com\/1\/wp-json\/wp\/v2\/tags?post=181750"}],"curies":[{"name":"wp","href":"https:\/\/api.w.org\/{rel}","templated":true}]}}