{"id":181754,"date":"2020-08-03T07:13:55","date_gmt":"2020-08-03T10:13:55","guid":{"rendered":"https:\/\/www.caririemacao.com\/1\/?p=181754"},"modified":"2020-08-03T07:13:55","modified_gmt":"2020-08-03T10:13:55","slug":"covid-19-oms-preve-que-pandemia-durara-muito-tempo","status":"publish","type":"post","link":"https:\/\/www.caririemacao.com\/1\/2020\/08\/03\/covid-19-oms-preve-que-pandemia-durara-muito-tempo\/","title":{"rendered":"Covid-19: OMS prev\u00ea que pandemia durar\u00e1 muito tempo"},"content":{"rendered":"\n<h3 class=\"wp-block-heading\"><\/h3>\n\n\n\n<hr class=\"wp-block-separator\"\/>\n\n\n\n<p><ins><\/ins><\/p>\n\n\n\n<p>O&nbsp;<strong>Comit\u00ea de Emerg\u00eancia da Organiza\u00e7\u00e3o Mundial de Sa\u00fade<\/strong>&nbsp;(OMS) prev\u00ea que a pandemia da Covid-19 ir\u00e1 durar muito tempo e, por isso, \u00e9 necess\u00e1rio continuar os esfor\u00e7os para a sua conten\u00e7\u00e3o em todo o mundo. Segundo dados oficiais da OMS, a doen\u00e7a j\u00e1 provocou 675.060 mortos e infectou quase 17,4 milh\u00f5es de pessoas em todo o mundo.<\/p>\n\n\n\n<p>O grupo de cientistas, que se reuniu por videoconfer\u00eancia, avaliou a evolu\u00e7\u00e3o da pandemia de covid-19, tendo em conta toda a informa\u00e7\u00e3o cient\u00edfica que surgiu sobre o novo coronav\u00edrus nos \u00faltimos tr\u00eas meses, data da \u00faltima reuni\u00e3o.O Comit\u00e9 de Emerg\u00eancia da OMS \u00e9 composto por 18 cientistas de v\u00e1rios pa\u00edses.<\/p>\n\n\n\n<p>\u201cA pandemia \u00e9 uma crise sanit\u00e1ria que ocorre uma vez em cada s\u00e9culo e os seus efeitos ser\u00e3o sentidos nas d\u00e9cadas seguintes\u201d, disse o diretor-geral da OMS, Tedros Adhanom Ghebreyesus, ao Comit\u00e9, segundo um comunicado da organiza\u00e7\u00e3o.<\/p>\n\n\n\n<p>O respons\u00e1vel fez tamb\u00e9m um balan\u00e7o do que tem acontecido, salientando que \u201cmuitos pa\u00edses que pensavam que o pior j\u00e1 tinha passado est\u00e3o agora enfrentando novos surtos, outros que tinham sido menos afetados est\u00e3o com aumentos de casos e&nbsp; de \u00f3bitos, enquanto pa\u00edses que tiveram grandes surtos conseguiram control\u00e1-los\u201d.<\/p>\n\n\n\n<h2 class=\"wp-block-heading\"><strong>Recomenda\u00e7\u00f5es<\/strong><\/h2>\n\n\n\n<p>Entre as principais recomenda\u00e7\u00f5es que o Comit\u00ea de Emerg\u00eancia dirigiu \u00e0 OMS est\u00e1 a necessidade de continuar a apoiar os pa\u00edses com servi\u00e7os m\u00e9dicos mais fr\u00e1geis, bem como a necessidade de continuar a impulsionar as investiga\u00e7\u00f5es em curso para se encontrar um ou mais tratamentos e vacinas para a covid-19. O objetivo \u00e9 que, quando existir uma vacina, os pa\u00edses com menos recursos n\u00e3o fiquem de fora por incapacidade de as comprar.Ou seja, defendeu o Comit\u00ea,&nbsp; afirmando que a distribui\u00e7\u00e3o de vacinas deve ser a mais equitativa poss\u00edvel.<\/p>\n\n\n\n<p>Atualmente tr\u00eas potenciais vacinas (dos Estados Unidos, da Inglaterra e China) est\u00e3o na fase tr\u00eas dos ensaios cl\u00ednicos, para testar a sua seguran\u00e7a e efic\u00e1cia.<\/p>\n\n\n\n<p>A OMS referiu a este prop\u00f3sito que poder\u00e1 ser poss\u00edvel que uma vacina esteja pronta para comercializa\u00e7\u00e3o \u201cna primeira metade de 2021\u201d.<\/p>\n\n\n\n<p>Relativamente \u00e0s viagens, o Comite indicou que os pa\u00edses devem tomar medidas proporcionais e aconselhar os cidad\u00e3os em fun\u00e7\u00e3o dos riscos, avaliando as suas informa\u00e7\u00f5es de forma regular.<\/p>\n\n\n\n<p>Por outro lado, recomendou que os servi\u00e7os de sa\u00fade sejam refor\u00e7ados para permitir a identifica\u00e7\u00e3o de novos casos e o rastreio de contatos.<\/p>\n","protected":false},"excerpt":{"rendered":"<p>O&nbsp;Comit\u00ea de Emerg\u00eancia da Organiza\u00e7\u00e3o Mundial de Sa\u00fade&nbsp;(OMS) prev\u00ea que a pandemia da Covid-19 ir\u00e1 durar muito tempo e, por isso, \u00e9 necess\u00e1rio continuar os&hellip; <\/p>\n","protected":false},"author":2,"featured_media":181755,"comment_status":"closed","ping_status":"closed","sticky":false,"template":"","format":"standard","meta":{"sfsi_plus_gutenberg_text_before_share":"","sfsi_plus_gutenberg_show_text_before_share":"","sfsi_plus_gutenberg_icon_type":"","sfsi_plus_gutenberg_icon_alignemt":"","sfsi_plus_gutenburg_max_per_row":"","footnotes":""},"categories":[50,2],"tags":[],"class_list":["post-181754","post","type-post","status-publish","format-standard","has-post-thumbnail","hentry","category-destaque","category-geral"],"_links":{"self":[{"href":"https:\/\/www.caririemacao.com\/1\/wp-json\/wp\/v2\/posts\/181754","targetHints":{"allow":["GET"]}}],"collection":[{"href":"https:\/\/www.caririemacao.com\/1\/wp-json\/wp\/v2\/posts"}],"about":[{"href":"https:\/\/www.caririemacao.com\/1\/wp-json\/wp\/v2\/types\/post"}],"author":[{"embeddable":true,"href":"https:\/\/www.caririemacao.com\/1\/wp-json\/wp\/v2\/users\/2"}],"replies":[{"embeddable":true,"href":"https:\/\/www.caririemacao.com\/1\/wp-json\/wp\/v2\/comments?post=181754"}],"version-history":[{"count":1,"href":"https:\/\/www.caririemacao.com\/1\/wp-json\/wp\/v2\/posts\/181754\/revisions"}],"predecessor-version":[{"id":181756,"href":"https:\/\/www.caririemacao.com\/1\/wp-json\/wp\/v2\/posts\/181754\/revisions\/181756"}],"wp:featuredmedia":[{"embeddable":true,"href":"https:\/\/www.caririemacao.com\/1\/wp-json\/wp\/v2\/media\/181755"}],"wp:attachment":[{"href":"https:\/\/www.caririemacao.com\/1\/wp-json\/wp\/v2\/media?parent=181754"}],"wp:term":[{"taxonomy":"category","embeddable":true,"href":"https:\/\/www.caririemacao.com\/1\/wp-json\/wp\/v2\/categories?post=181754"},{"taxonomy":"post_tag","embeddable":true,"href":"https:\/\/www.caririemacao.com\/1\/wp-json\/wp\/v2\/tags?post=181754"}],"curies":[{"name":"wp","href":"https:\/\/api.w.org\/{rel}","templated":true}]}}