{"id":181762,"date":"2020-08-03T07:19:26","date_gmt":"2020-08-03T10:19:26","guid":{"rendered":"https:\/\/www.caririemacao.com\/1\/?p=181762"},"modified":"2020-08-03T07:19:26","modified_gmt":"2020-08-03T10:19:26","slug":"bolsonaro-sai-de-moto-aglomera-e-pergunta-se-apoiador-vende-cloroquina","status":"publish","type":"post","link":"https:\/\/www.caririemacao.com\/1\/2020\/08\/03\/bolsonaro-sai-de-moto-aglomera-e-pergunta-se-apoiador-vende-cloroquina\/","title":{"rendered":"Bolsonaro sai de moto, aglomera e pergunta se apoiador vende cloroquina"},"content":{"rendered":"\n<h2 class=\"wp-block-heading\"><\/h2>\n\n\n\n<figure><iframe width=\"100%\" height=\"480\" data-src=\"https:\/\/www.youtube.com\/embed\/5F382AyI-pc\" allowfullscreen=\"\" src=\"data:image\/svg+xml;base64,PHN2ZyB3aWR0aD0iMSIgaGVpZ2h0PSIxIiB4bWxucz0iaHR0cDovL3d3dy53My5vcmcvMjAwMC9zdmciPjwvc3ZnPg==\" class=\"lazyload\" data-load-mode=\"1\"><\/iframe><\/figure>\n\n\n\n<p>O presidente da Rep\u00fablica, Jair Bolsonaro, saiu do Pal\u00e1cio da Alvorada para 1 passeio de moto na manh\u00e3 deste domingo (2.jul.2020). Ele foi a uma padaria no Lago Norte, regi\u00e3o nobre de Bras\u00edlia.<br><br>Bolsonaro tomou caf\u00e9 e tirou fotos com apoiadores. Ao lado de 1 homem com uniforme de uma farm\u00e1cia das proximidades, perguntou: \u201cTem cloroquina na sua drogaria?\u201d. O homem respondeu que sim e disse o pre\u00e7o.<br><br>Jair Bolsonaro j\u00e1 teve coronav\u00edrus, e publicou v\u00eddeo tomando hidroxicloroquina (subst\u00e2ncia pr\u00f3xima da cloroquina). A primeira-dama, Michelle Bolsonaro, est\u00e1 infectada no momento.<br><br>O presidente perguntou a homem que vestia camisa de uma farm\u00e1cia se havia cloroquina em sua loja\u00a9 Caio Spechoto\/Poder360 O presidente perguntou a homem que vestia camisa de uma farm\u00e1cia se havia cloroquina em sua lojaO presidente tamb\u00e9m perguntou sobre a ivermectina. O homem respondeu que agora a venda do medicamento \u00e9 controlada.<br><br>Bolsonaro tem promovido a cloroquina literalmente at\u00e9 para as emas do Pal\u00e1cio da Alvorada. Afirma que \u00e9 eficaz contra o coronav\u00edrus, apesar de n\u00e3o haver comprova\u00e7\u00e3o cient\u00edfica e os efeitos colaterais da droga serem conhecidos.<br><br>O presidente tamb\u00e9m falou sobre futebol. Perguntou para quem apoiadores estavam torcendo no campeonato paulista. Neste domingo, pela semifinal do torneio, jogam Corinthians x Mirassol e Palmeiras x Ponte Preta.<br><br>O ministro da Secretaria de Governo, general Luiz Eduardo Ramos, acompanhou Bolsonaro. Na visita \u00e0 padaria, ele fazia uma esp\u00e9cie de triagem das pessoas que poderiam furar o bloqueio de seguran\u00e7a. Se fosse apoiador, e n\u00e3o rep\u00f3rter, Ramos liberava para fotos com o presidente.<br><br>O general \u00e9 motociclista contumaz. Ele tem o h\u00e1bito usar sua Harley-Davidson para visitar Bolsonaro no Alvorada. Quando a comitiva, com 12 motos, saiu do pal\u00e1cio podia-se ouvir \u201cHave You Ever Seen The Rain\u201d, da banda californiana Creedence Clearwater Revival.<\/p>\n","protected":false},"excerpt":{"rendered":"<p>O presidente da Rep\u00fablica, Jair Bolsonaro, saiu do Pal\u00e1cio da Alvorada para 1 passeio de moto na manh\u00e3 deste domingo (2.jul.2020). Ele foi a uma&hellip; <\/p>\n","protected":false},"author":2,"featured_media":180498,"comment_status":"closed","ping_status":"closed","sticky":false,"template":"","format":"standard","meta":{"sfsi_plus_gutenberg_text_before_share":"","sfsi_plus_gutenberg_show_text_before_share":"","sfsi_plus_gutenberg_icon_type":"","sfsi_plus_gutenberg_icon_alignemt":"","sfsi_plus_gutenburg_max_per_row":"","footnotes":""},"categories":[11],"tags":[],"class_list":["post-181762","post","type-post","status-publish","format-standard","has-post-thumbnail","hentry","category-politica"],"_links":{"self":[{"href":"https:\/\/www.caririemacao.com\/1\/wp-json\/wp\/v2\/posts\/181762","targetHints":{"allow":["GET"]}}],"collection":[{"href":"https:\/\/www.caririemacao.com\/1\/wp-json\/wp\/v2\/posts"}],"about":[{"href":"https:\/\/www.caririemacao.com\/1\/wp-json\/wp\/v2\/types\/post"}],"author":[{"embeddable":true,"href":"https:\/\/www.caririemacao.com\/1\/wp-json\/wp\/v2\/users\/2"}],"replies":[{"embeddable":true,"href":"https:\/\/www.caririemacao.com\/1\/wp-json\/wp\/v2\/comments?post=181762"}],"version-history":[{"count":1,"href":"https:\/\/www.caririemacao.com\/1\/wp-json\/wp\/v2\/posts\/181762\/revisions"}],"predecessor-version":[{"id":181763,"href":"https:\/\/www.caririemacao.com\/1\/wp-json\/wp\/v2\/posts\/181762\/revisions\/181763"}],"wp:featuredmedia":[{"embeddable":true,"href":"https:\/\/www.caririemacao.com\/1\/wp-json\/wp\/v2\/media\/180498"}],"wp:attachment":[{"href":"https:\/\/www.caririemacao.com\/1\/wp-json\/wp\/v2\/media?parent=181762"}],"wp:term":[{"taxonomy":"category","embeddable":true,"href":"https:\/\/www.caririemacao.com\/1\/wp-json\/wp\/v2\/categories?post=181762"},{"taxonomy":"post_tag","embeddable":true,"href":"https:\/\/www.caririemacao.com\/1\/wp-json\/wp\/v2\/tags?post=181762"}],"curies":[{"name":"wp","href":"https:\/\/api.w.org\/{rel}","templated":true}]}}