{"id":181765,"date":"2020-08-03T07:47:11","date_gmt":"2020-08-03T10:47:11","guid":{"rendered":"https:\/\/www.caririemacao.com\/1\/?p=181765"},"modified":"2020-08-03T07:47:11","modified_gmt":"2020-08-03T10:47:11","slug":"serie-mexicana-chaves-sai-do-ar-em-toda-a-america-latina","status":"publish","type":"post","link":"https:\/\/www.caririemacao.com\/1\/2020\/08\/03\/serie-mexicana-chaves-sai-do-ar-em-toda-a-america-latina\/","title":{"rendered":"S\u00e9rie mexicana Chaves sai do ar em toda a Am\u00e9rica Latina"},"content":{"rendered":"\n<h2 class=\"wp-block-heading\"><\/h2>\n\n\n\n<p>Criada por G\u00f3mez Bola\u00f1os em 1970 e com o \u00faltimo cap\u00edtulo gravado em janeiro de 1980, \u201cChaves\u201d foi retirada da televis\u00e3o desde 1o de agosto porque, segundo a imprensa mexicana, a fam\u00edlia do ator e o canal Televisa n\u00e3o chegaram a um acordo sobre os direitos da s\u00e9rie.<br><br>\u201cEmbora estejamos tristes pela decis\u00e3o, minha fam\u00edlia e eu esperamos que Chespirito esteja em breve nas telas do mundo. Continuaremos insistindo e estou seguro de que conseguiremos\u201d, escreveu em sua conta do Twitter Roberto G\u00f3mez Fer\u00e1n, filho do ator.<br><br>A retirada de \u201cChaves\u201d do ar entrou para os assuntos mais comentados no Twitter, com v\u00e1rias mensagens de l\u00e1stima dos espectadores de pa\u00edses de l\u00edngua espanhola, os quais ressaltaram os valores manifestados pelo programa, como a amizade, solidariedade e a honestidade.<br><br>No entanto, tamb\u00e9m havia duras mensagens de cr\u00edtica, principalmente de usu\u00e1rios mexicanos, que consideram que o programa \u201cmanipulava\u201d as crian\u00e7as e tinha nuances \u201cclassistas\u201d.<br><br>Ap\u00f3s a morte de Chespirito, a revista Forbes estimou que \u201cChaves\u201d reportou \u00e0 Televisa cerca de US$ 1,7 bilh\u00e3o at\u00e9 2014.<\/p>\n","protected":false},"excerpt":{"rendered":"<p>Criada por G\u00f3mez Bola\u00f1os em 1970 e com o \u00faltimo cap\u00edtulo gravado em janeiro de 1980, \u201cChaves\u201d foi retirada da televis\u00e3o desde 1o de agosto&hellip; <\/p>\n","protected":false},"author":2,"featured_media":181766,"comment_status":"closed","ping_status":"closed","sticky":false,"template":"","format":"standard","meta":{"sfsi_plus_gutenberg_text_before_share":"","sfsi_plus_gutenberg_show_text_before_share":"","sfsi_plus_gutenberg_icon_type":"","sfsi_plus_gutenberg_icon_alignemt":"","sfsi_plus_gutenburg_max_per_row":"","footnotes":""},"categories":[50,2],"tags":[],"class_list":["post-181765","post","type-post","status-publish","format-standard","has-post-thumbnail","hentry","category-destaque","category-geral"],"_links":{"self":[{"href":"https:\/\/www.caririemacao.com\/1\/wp-json\/wp\/v2\/posts\/181765","targetHints":{"allow":["GET"]}}],"collection":[{"href":"https:\/\/www.caririemacao.com\/1\/wp-json\/wp\/v2\/posts"}],"about":[{"href":"https:\/\/www.caririemacao.com\/1\/wp-json\/wp\/v2\/types\/post"}],"author":[{"embeddable":true,"href":"https:\/\/www.caririemacao.com\/1\/wp-json\/wp\/v2\/users\/2"}],"replies":[{"embeddable":true,"href":"https:\/\/www.caririemacao.com\/1\/wp-json\/wp\/v2\/comments?post=181765"}],"version-history":[{"count":1,"href":"https:\/\/www.caririemacao.com\/1\/wp-json\/wp\/v2\/posts\/181765\/revisions"}],"predecessor-version":[{"id":181767,"href":"https:\/\/www.caririemacao.com\/1\/wp-json\/wp\/v2\/posts\/181765\/revisions\/181767"}],"wp:featuredmedia":[{"embeddable":true,"href":"https:\/\/www.caririemacao.com\/1\/wp-json\/wp\/v2\/media\/181766"}],"wp:attachment":[{"href":"https:\/\/www.caririemacao.com\/1\/wp-json\/wp\/v2\/media?parent=181765"}],"wp:term":[{"taxonomy":"category","embeddable":true,"href":"https:\/\/www.caririemacao.com\/1\/wp-json\/wp\/v2\/categories?post=181765"},{"taxonomy":"post_tag","embeddable":true,"href":"https:\/\/www.caririemacao.com\/1\/wp-json\/wp\/v2\/tags?post=181765"}],"curies":[{"name":"wp","href":"https:\/\/api.w.org\/{rel}","templated":true}]}}