{"id":181769,"date":"2020-08-03T07:49:11","date_gmt":"2020-08-03T10:49:11","guid":{"rendered":"https:\/\/www.caririemacao.com\/1\/?p=181769"},"modified":"2020-08-03T07:49:11","modified_gmt":"2020-08-03T10:49:11","slug":"aras-pede-ao-stf-que-arquive-queixa-crime-de-dilma-contra-bolsonaro","status":"publish","type":"post","link":"https:\/\/www.caririemacao.com\/1\/2020\/08\/03\/aras-pede-ao-stf-que-arquive-queixa-crime-de-dilma-contra-bolsonaro\/","title":{"rendered":"Aras pede ao STF que arquive queixa-crime de Dilma contra Bolsonaro"},"content":{"rendered":"\n<h2 class=\"wp-block-heading\"><\/h2>\n\n\n\n<p>O procurador-geral da Rep\u00fablica, Augusto Aras, enviou uma manifesta\u00e7\u00e3o ao Supremo Tribunal Federal (STF) na sexta-feira, 31, defendendo o arquivamento de uma queixa-crime apresentada pela ex-presidente da Rep\u00fablica Dilma Rousseff (PT) contra o presidente da Rep\u00fablica, Jair Bolsonaro.<br><br>A petista entrou com um pedido de investiga\u00e7\u00e3o contra Bolsonaro em raz\u00e3o de uma postagem no Twitter. Em agosto do ano passado, o presidente publicou um v\u00eddeo de uma fala dele na C\u00e2mara dos Deputados, nos tempos de parlamentar, na qual compara Dilma a uma \u201ccafetina\u201d e os membros da Comiss\u00e3o Nacional da Verdade a \u201cprostitutas\u201d.<br><br>\u201cComparo a Comiss\u00e3o da Verdade, essa que est\u00e1 a\u00ed, como aquela cafetina, que ao querer escrever a sua biografia, escolheu sete prostitutas. E o relat\u00f3rio final das prostitutas era de que a cafetina deveria ser canonizada. Essa \u00e9 a comiss\u00e3o da verdade de Dilma Rousseff\u201d, diz o ent\u00e3o deputado federal Jair Bolsonaro.<br><br>Embora tenha reproduzido a grava\u00e7\u00e3o quando j\u00e1 ocupava o cargo de chefe do Executivo, para Aras, o coment\u00e1rio n\u00e3o tem rela\u00e7\u00e3o com o mandato presidencial e Bolsonaro n\u00e3o pode ser responsabilizado por \u201catos estranhos ao exerc\u00edcio de suas fun\u00e7\u00f5es\u201d.<br><br>\u201cA conduta atribu\u00edda ao presidente configura, em tese, crime comum e n\u00e3o guarda rela\u00e7\u00e3o com o desempenho do mandato presidencial, inexistindo, assim, nexo funcional\u201d, disse ele. \u201cDescabe cogitar da instaura\u00e7\u00e3o de processo criminal em face do Presidente da Rep\u00fablica, durante o mandato, por suposto crime comum que n\u00e3o guarda rela\u00e7\u00e3o com as fun\u00e7\u00f5es presidenciais\u201d, defendeu.<\/p>\n","protected":false},"excerpt":{"rendered":"<p>O procurador-geral da Rep\u00fablica, Augusto Aras, enviou uma manifesta\u00e7\u00e3o ao Supremo Tribunal Federal (STF) na sexta-feira, 31, defendendo o arquivamento de uma queixa-crime apresentada pela&hellip; <\/p>\n","protected":false},"author":2,"featured_media":181770,"comment_status":"closed","ping_status":"closed","sticky":false,"template":"","format":"standard","meta":{"sfsi_plus_gutenberg_text_before_share":"","sfsi_plus_gutenberg_show_text_before_share":"","sfsi_plus_gutenberg_icon_type":"","sfsi_plus_gutenberg_icon_alignemt":"","sfsi_plus_gutenburg_max_per_row":"","footnotes":""},"categories":[11],"tags":[],"class_list":["post-181769","post","type-post","status-publish","format-standard","has-post-thumbnail","hentry","category-politica"],"_links":{"self":[{"href":"https:\/\/www.caririemacao.com\/1\/wp-json\/wp\/v2\/posts\/181769","targetHints":{"allow":["GET"]}}],"collection":[{"href":"https:\/\/www.caririemacao.com\/1\/wp-json\/wp\/v2\/posts"}],"about":[{"href":"https:\/\/www.caririemacao.com\/1\/wp-json\/wp\/v2\/types\/post"}],"author":[{"embeddable":true,"href":"https:\/\/www.caririemacao.com\/1\/wp-json\/wp\/v2\/users\/2"}],"replies":[{"embeddable":true,"href":"https:\/\/www.caririemacao.com\/1\/wp-json\/wp\/v2\/comments?post=181769"}],"version-history":[{"count":1,"href":"https:\/\/www.caririemacao.com\/1\/wp-json\/wp\/v2\/posts\/181769\/revisions"}],"predecessor-version":[{"id":181771,"href":"https:\/\/www.caririemacao.com\/1\/wp-json\/wp\/v2\/posts\/181769\/revisions\/181771"}],"wp:featuredmedia":[{"embeddable":true,"href":"https:\/\/www.caririemacao.com\/1\/wp-json\/wp\/v2\/media\/181770"}],"wp:attachment":[{"href":"https:\/\/www.caririemacao.com\/1\/wp-json\/wp\/v2\/media?parent=181769"}],"wp:term":[{"taxonomy":"category","embeddable":true,"href":"https:\/\/www.caririemacao.com\/1\/wp-json\/wp\/v2\/categories?post=181769"},{"taxonomy":"post_tag","embeddable":true,"href":"https:\/\/www.caririemacao.com\/1\/wp-json\/wp\/v2\/tags?post=181769"}],"curies":[{"name":"wp","href":"https:\/\/api.w.org\/{rel}","templated":true}]}}