{"id":181773,"date":"2020-08-03T07:50:53","date_gmt":"2020-08-03T10:50:53","guid":{"rendered":"https:\/\/www.caririemacao.com\/1\/?p=181773"},"modified":"2020-08-03T07:50:53","modified_gmt":"2020-08-03T10:50:53","slug":"pib-per-capita-cai-em-7-anos-e-deixa-brasileiros-11-mais-pobres","status":"publish","type":"post","link":"https:\/\/www.caririemacao.com\/1\/2020\/08\/03\/pib-per-capita-cai-em-7-anos-e-deixa-brasileiros-11-mais-pobres\/","title":{"rendered":"PIB per capita cai em 7 anos e deixa brasileiros 11% mais pobres"},"content":{"rendered":"\n<h2 class=\"wp-block-heading\"><\/h2>\n\n\n\n<p>Em um per\u00edodo de sete anos, o brasileiro caminha para ficar cerca de 10% mais pobre. A recess\u00e3o observada entre o fim de 2014 e 2016, a lenta retomada da economia dos anos seguintes e a recente crise provocada pelo coronav\u00edrus fizeram o Brasil perder parte da sua riqueza.<br><br>Entre 2013 &#8211; \u00faltimo ano de crescimento mais robusto da economia &#8211; e o fim de 2020, o Produto Interno Bruto (PIB) per capita passar\u00e1 de R$ 8.519 para R$ 7.559 e ter\u00e1 encolhido 11,3% no per\u00edodo, de acordo com c\u00e1lculos da consultoria LCA.<br><br>&#8220;A realidade \u00e9 muito mais triste do que apenas esse dado. Nesse per\u00edodo, a m\u00e9dia de crescimento do mundo foi de 4% ao ano&#8221;, diz o economista da LCA Cosmo Donato. &#8220;\u00c9 preciso levar em conta tamb\u00e9m o que o pa\u00eds deixou de crescer, sobretudo na compara\u00e7\u00e3o com os emergentes. O buraco \u00e9 mais embaixo.&#8221;<br><br>O PIB per capital \u00e9 a soma de tudo o que pa\u00eds produz dividido pela popula\u00e7\u00e3o e funciona como um importante term\u00f4metro para avaliar a riqueza de uma na\u00e7\u00e3o. Ele sobe quando a atividade econ\u00f4mica avan\u00e7a num ritmo mais r\u00e1pido do que o crescimento populacional. O levantamento da LCA leva em conta estimativas para o PIB trimestral e utiliza a m\u00e9dia m\u00f3vel de quatro trimestres, o que permite uma compara\u00e7\u00e3o mais justa.<br><br>Nos \u00faltimos anos, a economia brasileira enfrentou uma combina\u00e7\u00e3o de muita dificuldade. Entre o fim de 2014 e 2016, o pa\u00eds observou uma forte recess\u00e3o causada por v\u00e1rios desequil\u00edbrios macroecon\u00f4micos e pela turbul\u00eancia pol\u00edtica durante o governo Dilma Rousseff. Nos tr\u00eas anos seguintes, houve apenas uma t\u00edmida retomada, incapaz de apagar todos os estragos. Agora, a crise provocada pelo coronav\u00edrus se tornou mais um componente desse per\u00edodo conturbado.<br><br>Em 2020, os analistas consultados pelo relat\u00f3rio Focus, do Banco Central, estimam uma queda do PIB de 5,77%.<\/p>\n","protected":false},"excerpt":{"rendered":"<p>Em um per\u00edodo de sete anos, o brasileiro caminha para ficar cerca de 10% mais pobre. A recess\u00e3o observada entre o fim de 2014 e&hellip; <\/p>\n","protected":false},"author":2,"featured_media":181774,"comment_status":"closed","ping_status":"closed","sticky":false,"template":"","format":"standard","meta":{"sfsi_plus_gutenberg_text_before_share":"","sfsi_plus_gutenberg_show_text_before_share":"","sfsi_plus_gutenberg_icon_type":"","sfsi_plus_gutenberg_icon_alignemt":"","sfsi_plus_gutenburg_max_per_row":"","footnotes":""},"categories":[2],"tags":[],"class_list":["post-181773","post","type-post","status-publish","format-standard","has-post-thumbnail","hentry","category-geral"],"_links":{"self":[{"href":"https:\/\/www.caririemacao.com\/1\/wp-json\/wp\/v2\/posts\/181773","targetHints":{"allow":["GET"]}}],"collection":[{"href":"https:\/\/www.caririemacao.com\/1\/wp-json\/wp\/v2\/posts"}],"about":[{"href":"https:\/\/www.caririemacao.com\/1\/wp-json\/wp\/v2\/types\/post"}],"author":[{"embeddable":true,"href":"https:\/\/www.caririemacao.com\/1\/wp-json\/wp\/v2\/users\/2"}],"replies":[{"embeddable":true,"href":"https:\/\/www.caririemacao.com\/1\/wp-json\/wp\/v2\/comments?post=181773"}],"version-history":[{"count":1,"href":"https:\/\/www.caririemacao.com\/1\/wp-json\/wp\/v2\/posts\/181773\/revisions"}],"predecessor-version":[{"id":181775,"href":"https:\/\/www.caririemacao.com\/1\/wp-json\/wp\/v2\/posts\/181773\/revisions\/181775"}],"wp:featuredmedia":[{"embeddable":true,"href":"https:\/\/www.caririemacao.com\/1\/wp-json\/wp\/v2\/media\/181774"}],"wp:attachment":[{"href":"https:\/\/www.caririemacao.com\/1\/wp-json\/wp\/v2\/media?parent=181773"}],"wp:term":[{"taxonomy":"category","embeddable":true,"href":"https:\/\/www.caririemacao.com\/1\/wp-json\/wp\/v2\/categories?post=181773"},{"taxonomy":"post_tag","embeddable":true,"href":"https:\/\/www.caririemacao.com\/1\/wp-json\/wp\/v2\/tags?post=181773"}],"curies":[{"name":"wp","href":"https:\/\/api.w.org\/{rel}","templated":true}]}}