{"id":181782,"date":"2020-08-03T08:01:44","date_gmt":"2020-08-03T11:01:44","guid":{"rendered":"https:\/\/www.caririemacao.com\/1\/?p=181782"},"modified":"2020-08-03T08:01:44","modified_gmt":"2020-08-03T11:01:44","slug":"monteiro-nao-registra-novos-casos-de-covid-19-pelo-segundo-dia-consecutivo","status":"publish","type":"post","link":"https:\/\/www.caririemacao.com\/1\/2020\/08\/03\/monteiro-nao-registra-novos-casos-de-covid-19-pelo-segundo-dia-consecutivo\/","title":{"rendered":"Monteiro n\u00e3o registra novos casos de Covid-19 pelo segundo dia consecutivo"},"content":{"rendered":"\n<h1 class=\"wp-block-heading\"><\/h1>\n\n\n\n<hr class=\"wp-block-separator\"\/>\n\n\n\n<p>A Secretaria Municipal de Sa\u00fade de Monteiro informa que nesta domingo, 02, n\u00e3o tivemos novos casos CONFIRMADOS para Covid-19.<\/p>\n\n\n\n<p><img decoding=\"async\" alt=\"&#x26a0;\" data-src=\"https:\/\/s.w.org\/images\/core\/emoji\/12.0.0-1\/svg\/26a0.svg\" src=\"data:image\/svg+xml;base64,PHN2ZyB3aWR0aD0iMSIgaGVpZ2h0PSIxIiB4bWxucz0iaHR0cDovL3d3dy53My5vcmcvMjAwMC9zdmciPjwvc3ZnPg==\" class=\"lazyload\">Refor\u00e7amos a import\u00e2ncia de toda popula\u00e7\u00e3o seguir as orienta\u00e7\u00f5es do distanciamento social, o uso de m\u00e1scaras, a higieniza\u00e7\u00e3o das m\u00e3os e objetos com \u00e1lcool 70% e demais medidas apresentadas pela Secretaria de Sa\u00fade.<\/p>\n","protected":false},"excerpt":{"rendered":"<p>A Secretaria Municipal de Sa\u00fade de Monteiro informa que nesta domingo, 02, n\u00e3o tivemos novos casos CONFIRMADOS para Covid-19. Refor\u00e7amos a import\u00e2ncia de toda popula\u00e7\u00e3o&hellip; <\/p>\n","protected":false},"author":2,"featured_media":181783,"comment_status":"closed","ping_status":"closed","sticky":false,"template":"","format":"standard","meta":{"sfsi_plus_gutenberg_text_before_share":"","sfsi_plus_gutenberg_show_text_before_share":"","sfsi_plus_gutenberg_icon_type":"","sfsi_plus_gutenberg_icon_alignemt":"","sfsi_plus_gutenburg_max_per_row":"","footnotes":""},"categories":[50,2],"tags":[],"class_list":["post-181782","post","type-post","status-publish","format-standard","has-post-thumbnail","hentry","category-destaque","category-geral"],"_links":{"self":[{"href":"https:\/\/www.caririemacao.com\/1\/wp-json\/wp\/v2\/posts\/181782","targetHints":{"allow":["GET"]}}],"collection":[{"href":"https:\/\/www.caririemacao.com\/1\/wp-json\/wp\/v2\/posts"}],"about":[{"href":"https:\/\/www.caririemacao.com\/1\/wp-json\/wp\/v2\/types\/post"}],"author":[{"embeddable":true,"href":"https:\/\/www.caririemacao.com\/1\/wp-json\/wp\/v2\/users\/2"}],"replies":[{"embeddable":true,"href":"https:\/\/www.caririemacao.com\/1\/wp-json\/wp\/v2\/comments?post=181782"}],"version-history":[{"count":1,"href":"https:\/\/www.caririemacao.com\/1\/wp-json\/wp\/v2\/posts\/181782\/revisions"}],"predecessor-version":[{"id":181784,"href":"https:\/\/www.caririemacao.com\/1\/wp-json\/wp\/v2\/posts\/181782\/revisions\/181784"}],"wp:featuredmedia":[{"embeddable":true,"href":"https:\/\/www.caririemacao.com\/1\/wp-json\/wp\/v2\/media\/181783"}],"wp:attachment":[{"href":"https:\/\/www.caririemacao.com\/1\/wp-json\/wp\/v2\/media?parent=181782"}],"wp:term":[{"taxonomy":"category","embeddable":true,"href":"https:\/\/www.caririemacao.com\/1\/wp-json\/wp\/v2\/categories?post=181782"},{"taxonomy":"post_tag","embeddable":true,"href":"https:\/\/www.caririemacao.com\/1\/wp-json\/wp\/v2\/tags?post=181782"}],"curies":[{"name":"wp","href":"https:\/\/api.w.org\/{rel}","templated":true}]}}