{"id":181790,"date":"2020-08-03T08:09:11","date_gmt":"2020-08-03T11:09:11","guid":{"rendered":"https:\/\/www.caririemacao.com\/1\/?p=181790"},"modified":"2020-08-03T08:09:11","modified_gmt":"2020-08-03T11:09:11","slug":"sertania-registra-mais-tres-casos-de-coronavirus","status":"publish","type":"post","link":"https:\/\/www.caririemacao.com\/1\/2020\/08\/03\/sertania-registra-mais-tres-casos-de-coronavirus\/","title":{"rendered":"Sert\u00e2nia registra mais tr\u00eas casos de Coronav\u00edrus"},"content":{"rendered":"\n<h1 class=\"wp-block-heading\"><\/h1>\n\n\n\n<p>A&nbsp;<strong>Secretaria de Sa\u00fade de Sert\u00e2nia<\/strong>&nbsp;informa, neste s\u00e1bado (1), que tr\u00eas casos de Covid-19 foram registrados no munic\u00edpio com realiza\u00e7\u00e3o de exames SWAB (LACEN\/PE).<\/p>\n\n\n\n<p><img fetchpriority=\"high\" decoding=\"async\" src=\"http:\/\/tribunadomoxoto.com\/wp-content\/uploads\/2020\/08\/116119644_3453284148050337_3212254140341798097_o.jpg\" srcset=\"http:\/\/tribunadomoxoto.com\/wp-content\/uploads\/2020\/08\/116119644_3453284148050337_3212254140341798097_o.jpg 960w, http:\/\/tribunadomoxoto.com\/wp-content\/uploads\/2020\/08\/116119644_3453284148050337_3212254140341798097_o-150x150.jpg 150w, http:\/\/tribunadomoxoto.com\/wp-content\/uploads\/2020\/08\/116119644_3453284148050337_3212254140341798097_o-300x300.jpg 300w, http:\/\/tribunadomoxoto.com\/wp-content\/uploads\/2020\/08\/116119644_3453284148050337_3212254140341798097_o-768x768.jpg 768w, http:\/\/tribunadomoxoto.com\/wp-content\/uploads\/2020\/08\/116119644_3453284148050337_3212254140341798097_o-696x696.jpg 696w, http:\/\/tribunadomoxoto.com\/wp-content\/uploads\/2020\/08\/116119644_3453284148050337_3212254140341798097_o-420x420.jpg 420w\" alt=\"116119644_3453284148050337_3212254140341798097_o Sert\u00e2nia registra mais tr\u00eas casos de Coronav\u00edrus\" width=\"960\" height=\"960\">Sete casos foram DESCARTADOS: quatro com realiza\u00e7\u00e3o de testes r\u00e1pidos e tr\u00eas com realiza\u00e7\u00e3o de exames SWAB (LACEN\/PE). Salientamos que todos os exames SWAB estavam em investiga\u00e7\u00e3o e tiveram materiais coletados no dia 24 do m\u00eas de julho.<\/p>\n\n\n\n<p><img decoding=\"async\" data-src=\"http:\/\/tribunadomoxoto.com\/wp-content\/uploads\/2020\/08\/116588782_3453284328050319_3565992640249367902_o.jpg\" data-srcset=\"http:\/\/tribunadomoxoto.com\/wp-content\/uploads\/2020\/08\/116588782_3453284328050319_3565992640249367902_o.jpg 960w, http:\/\/tribunadomoxoto.com\/wp-content\/uploads\/2020\/08\/116588782_3453284328050319_3565992640249367902_o-150x150.jpg 150w, http:\/\/tribunadomoxoto.com\/wp-content\/uploads\/2020\/08\/116588782_3453284328050319_3565992640249367902_o-300x300.jpg 300w, http:\/\/tribunadomoxoto.com\/wp-content\/uploads\/2020\/08\/116588782_3453284328050319_3565992640249367902_o-768x768.jpg 768w, http:\/\/tribunadomoxoto.com\/wp-content\/uploads\/2020\/08\/116588782_3453284328050319_3565992640249367902_o-696x696.jpg 696w, http:\/\/tribunadomoxoto.com\/wp-content\/uploads\/2020\/08\/116588782_3453284328050319_3565992640249367902_o-420x420.jpg 420w\" alt=\"116588782_3453284328050319_3565992640249367902_o Sert\u00e2nia registra mais tr\u00eas casos de Coronav\u00edrus\" width=\"960\" height=\"960\" src=\"data:image\/svg+xml;base64,PHN2ZyB3aWR0aD0iMSIgaGVpZ2h0PSIxIiB4bWxucz0iaHR0cDovL3d3dy53My5vcmcvMjAwMC9zdmciPjwvc3ZnPg==\" class=\"lazyload\" style=\"--smush-placeholder-width: 960px; --smush-placeholder-aspect-ratio: 960\/960;\">O boletim traz, ainda, a entrada de mais tr\u00eas casos em INVESTIGA\u00c7\u00c3O. Os tr\u00eas casos est\u00e3o localizados nas seguintes localidades:<\/p>\n\n\n\n<div class=\"wp-block-image\"><figure class=\"aligncenter\"><img decoding=\"async\" data-src=\"https:\/\/opipoco.com.br\/wp-content\/uploads\/2020\/08\/bo-sert.jpg\" alt=\"bo-sert Sert\u00e2nia registra mais tr\u00eas casos de Coronav\u00edrus\" class=\"wp-image-91997 lazyload\" title=\"bo-sert Sert\u00e2nia registra mais tr\u00eas casos de Coronav\u00edrus\" src=\"data:image\/svg+xml;base64,PHN2ZyB3aWR0aD0iMSIgaGVpZ2h0PSIxIiB4bWxucz0iaHR0cDovL3d3dy53My5vcmcvMjAwMC9zdmciPjwvc3ZnPg==\" \/><\/figure><\/div>\n\n\n\n<p>ASCOM<\/p>\n","protected":false},"excerpt":{"rendered":"<p>A&nbsp;Secretaria de Sa\u00fade de Sert\u00e2nia&nbsp;informa, neste s\u00e1bado (1), que tr\u00eas casos de Covid-19 foram registrados no munic\u00edpio com realiza\u00e7\u00e3o de exames SWAB (LACEN\/PE). Sete casos&hellip; <\/p>\n","protected":false},"author":2,"featured_media":181791,"comment_status":"closed","ping_status":"closed","sticky":false,"template":"","format":"standard","meta":{"sfsi_plus_gutenberg_text_before_share":"","sfsi_plus_gutenberg_show_text_before_share":"","sfsi_plus_gutenberg_icon_type":"","sfsi_plus_gutenberg_icon_alignemt":"","sfsi_plus_gutenburg_max_per_row":"","footnotes":""},"categories":[2],"tags":[],"class_list":["post-181790","post","type-post","status-publish","format-standard","has-post-thumbnail","hentry","category-geral"],"_links":{"self":[{"href":"https:\/\/www.caririemacao.com\/1\/wp-json\/wp\/v2\/posts\/181790","targetHints":{"allow":["GET"]}}],"collection":[{"href":"https:\/\/www.caririemacao.com\/1\/wp-json\/wp\/v2\/posts"}],"about":[{"href":"https:\/\/www.caririemacao.com\/1\/wp-json\/wp\/v2\/types\/post"}],"author":[{"embeddable":true,"href":"https:\/\/www.caririemacao.com\/1\/wp-json\/wp\/v2\/users\/2"}],"replies":[{"embeddable":true,"href":"https:\/\/www.caririemacao.com\/1\/wp-json\/wp\/v2\/comments?post=181790"}],"version-history":[{"count":1,"href":"https:\/\/www.caririemacao.com\/1\/wp-json\/wp\/v2\/posts\/181790\/revisions"}],"predecessor-version":[{"id":181792,"href":"https:\/\/www.caririemacao.com\/1\/wp-json\/wp\/v2\/posts\/181790\/revisions\/181792"}],"wp:featuredmedia":[{"embeddable":true,"href":"https:\/\/www.caririemacao.com\/1\/wp-json\/wp\/v2\/media\/181791"}],"wp:attachment":[{"href":"https:\/\/www.caririemacao.com\/1\/wp-json\/wp\/v2\/media?parent=181790"}],"wp:term":[{"taxonomy":"category","embeddable":true,"href":"https:\/\/www.caririemacao.com\/1\/wp-json\/wp\/v2\/categories?post=181790"},{"taxonomy":"post_tag","embeddable":true,"href":"https:\/\/www.caririemacao.com\/1\/wp-json\/wp\/v2\/tags?post=181790"}],"curies":[{"name":"wp","href":"https:\/\/api.w.org\/{rel}","templated":true}]}}