{"id":181801,"date":"2020-08-03T12:09:52","date_gmt":"2020-08-03T15:09:52","guid":{"rendered":"https:\/\/www.caririemacao.com\/1\/?p=181801"},"modified":"2020-08-03T12:09:52","modified_gmt":"2020-08-03T15:09:52","slug":"veiculo-pega-fogo-em-cidade-do-cariri-paraibano","status":"publish","type":"post","link":"https:\/\/www.caririemacao.com\/1\/2020\/08\/03\/veiculo-pega-fogo-em-cidade-do-cariri-paraibano\/","title":{"rendered":"Ve\u00edculo pega fogo em cidade do Cariri paraibano"},"content":{"rendered":"\n<p>Um ve\u00edculo modelo Fiat Uno pegou fogo no final da tarde deste \u00faltimo domingo (2) \u00e0s margens da PB-238 em frente ao conjunto Jos\u00e9 de Assis Pimenta, na cidade de Assun\u00e7\u00e3o, Cariri da Para\u00edba.<\/p>\n\n\n\n<p>As chamas come\u00e7aram no motor, provavelmente devido a uma pane el\u00e9trica e se espalharam rapidamente por todo o ve\u00edculo.<\/p>\n\n\n\n<p>Felizmente ningu\u00e9m ficou ferido e os danos foram apenas materiais. Segundo informa\u00e7\u00f5es,&nbsp;o ve\u00edculo pertence a um homem filho de Ronaldo e neto de seu Jorge.<\/p>\n\n\n\n<p><em>Com Heleno Lima<\/em><\/p>\n","protected":false},"excerpt":{"rendered":"<p>Um ve\u00edculo modelo Fiat Uno pegou fogo no final da tarde deste \u00faltimo domingo (2) \u00e0s margens da PB-238 em frente ao conjunto Jos\u00e9 de&hellip; <\/p>\n","protected":false},"author":2,"featured_media":181802,"comment_status":"closed","ping_status":"closed","sticky":false,"template":"","format":"standard","meta":{"sfsi_plus_gutenberg_text_before_share":"","sfsi_plus_gutenberg_show_text_before_share":"","sfsi_plus_gutenberg_icon_type":"","sfsi_plus_gutenberg_icon_alignemt":"","sfsi_plus_gutenburg_max_per_row":"","footnotes":""},"categories":[12],"tags":[],"class_list":["post-181801","post","type-post","status-publish","format-standard","has-post-thumbnail","hentry","category-policia"],"_links":{"self":[{"href":"https:\/\/www.caririemacao.com\/1\/wp-json\/wp\/v2\/posts\/181801","targetHints":{"allow":["GET"]}}],"collection":[{"href":"https:\/\/www.caririemacao.com\/1\/wp-json\/wp\/v2\/posts"}],"about":[{"href":"https:\/\/www.caririemacao.com\/1\/wp-json\/wp\/v2\/types\/post"}],"author":[{"embeddable":true,"href":"https:\/\/www.caririemacao.com\/1\/wp-json\/wp\/v2\/users\/2"}],"replies":[{"embeddable":true,"href":"https:\/\/www.caririemacao.com\/1\/wp-json\/wp\/v2\/comments?post=181801"}],"version-history":[{"count":1,"href":"https:\/\/www.caririemacao.com\/1\/wp-json\/wp\/v2\/posts\/181801\/revisions"}],"predecessor-version":[{"id":181803,"href":"https:\/\/www.caririemacao.com\/1\/wp-json\/wp\/v2\/posts\/181801\/revisions\/181803"}],"wp:featuredmedia":[{"embeddable":true,"href":"https:\/\/www.caririemacao.com\/1\/wp-json\/wp\/v2\/media\/181802"}],"wp:attachment":[{"href":"https:\/\/www.caririemacao.com\/1\/wp-json\/wp\/v2\/media?parent=181801"}],"wp:term":[{"taxonomy":"category","embeddable":true,"href":"https:\/\/www.caririemacao.com\/1\/wp-json\/wp\/v2\/categories?post=181801"},{"taxonomy":"post_tag","embeddable":true,"href":"https:\/\/www.caririemacao.com\/1\/wp-json\/wp\/v2\/tags?post=181801"}],"curies":[{"name":"wp","href":"https:\/\/api.w.org\/{rel}","templated":true}]}}