{"id":181805,"date":"2020-08-03T12:35:45","date_gmt":"2020-08-03T15:35:45","guid":{"rendered":"https:\/\/www.caririemacao.com\/1\/?p=181805"},"modified":"2020-08-03T12:35:45","modified_gmt":"2020-08-03T15:35:45","slug":"coronavirus-oftalmologista-alerta-sobre-possibilidade-de-contaminacao-atraves-dos-olhos","status":"publish","type":"post","link":"https:\/\/www.caririemacao.com\/1\/2020\/08\/03\/coronavirus-oftalmologista-alerta-sobre-possibilidade-de-contaminacao-atraves-dos-olhos\/","title":{"rendered":"Coronav\u00edrus: Oftalmologista alerta sobre possibilidade de contamina\u00e7\u00e3o atrav\u00e9s dos olhos"},"content":{"rendered":"\n<p>O oftalmologista Nilton Filho afirmou que as pessoas t\u00eam relaxado em rela\u00e7\u00e3o aos cuidados com a vis\u00e3o durante a pandemia do novo coronav\u00edrus. Ele destacou que \u00e9 importante que mantenham o h\u00e1bito de consultar o seu oftalmologista, seja para trocar de \u00f3culos, seja para tratar alguma ferida causada por um acidente, por exemplo.<\/p>\n\n\n\n<p>Nilton declarou que os acidentes continuam e existem muitos casos de pessoas que t\u00eam os olhos machucados por objetos que entram na cavidade ocular. Ele citou que, nesses casos, \u00e9 preciso procurar um oftalmologista com urg\u00eancia.<\/p>\n\n\n\n<p>\u2013 As pessoas pararam de procurar os oftalmologistas n\u00e3o s\u00f3 para fazer novos \u00f3culos, mas tamb\u00e9m para cuidar da vis\u00e3o \u2013 enfatizou.<\/p>\n\n\n\n<p>Segundo o m\u00e9dico, \u00e9 poss\u00edvel ser infectado pelo novo coronav\u00edrus atrav\u00e9s dos olhos. Ele destacou, durante entrevista \u00e0 R\u00e1dio Caturit\u00e9 FM, que os m\u00e9dicos utilizam os protetores faciais justamente para evitar a contamina\u00e7\u00e3o atrav\u00e9s do contato de secre\u00e7\u00f5es atrav\u00e9s dos olhos.<\/p>\n\n\n\n<p>Nilton ainda frisou que quem usa lentes de contato deve manter as m\u00e3os sempre muito bem higienizadas, al\u00e9m de guardar as lentes em um recipiente limpo e com o material adequado.<\/p>\n\n\n\n<p>\u2013 Isso \u00e9 poss\u00edvel. Os estudos ainda est\u00e3o em fase inicial, mas a gente j\u00e1 sabe que o coronav\u00edrus pode nos contaminar por meio da conjuntiva do olho \u2013 disse.<\/p>\n","protected":false},"excerpt":{"rendered":"<p>O oftalmologista Nilton Filho afirmou que as pessoas t\u00eam relaxado em rela\u00e7\u00e3o aos cuidados com a vis\u00e3o durante a pandemia do novo coronav\u00edrus. Ele destacou&hellip; <\/p>\n","protected":false},"author":2,"featured_media":181791,"comment_status":"closed","ping_status":"closed","sticky":false,"template":"","format":"standard","meta":{"sfsi_plus_gutenberg_text_before_share":"","sfsi_plus_gutenberg_show_text_before_share":"","sfsi_plus_gutenberg_icon_type":"","sfsi_plus_gutenberg_icon_alignemt":"","sfsi_plus_gutenburg_max_per_row":"","footnotes":""},"categories":[50,16],"tags":[],"class_list":["post-181805","post","type-post","status-publish","format-standard","has-post-thumbnail","hentry","category-destaque","category-saude"],"_links":{"self":[{"href":"https:\/\/www.caririemacao.com\/1\/wp-json\/wp\/v2\/posts\/181805","targetHints":{"allow":["GET"]}}],"collection":[{"href":"https:\/\/www.caririemacao.com\/1\/wp-json\/wp\/v2\/posts"}],"about":[{"href":"https:\/\/www.caririemacao.com\/1\/wp-json\/wp\/v2\/types\/post"}],"author":[{"embeddable":true,"href":"https:\/\/www.caririemacao.com\/1\/wp-json\/wp\/v2\/users\/2"}],"replies":[{"embeddable":true,"href":"https:\/\/www.caririemacao.com\/1\/wp-json\/wp\/v2\/comments?post=181805"}],"version-history":[{"count":1,"href":"https:\/\/www.caririemacao.com\/1\/wp-json\/wp\/v2\/posts\/181805\/revisions"}],"predecessor-version":[{"id":181807,"href":"https:\/\/www.caririemacao.com\/1\/wp-json\/wp\/v2\/posts\/181805\/revisions\/181807"}],"wp:featuredmedia":[{"embeddable":true,"href":"https:\/\/www.caririemacao.com\/1\/wp-json\/wp\/v2\/media\/181791"}],"wp:attachment":[{"href":"https:\/\/www.caririemacao.com\/1\/wp-json\/wp\/v2\/media?parent=181805"}],"wp:term":[{"taxonomy":"category","embeddable":true,"href":"https:\/\/www.caririemacao.com\/1\/wp-json\/wp\/v2\/categories?post=181805"},{"taxonomy":"post_tag","embeddable":true,"href":"https:\/\/www.caririemacao.com\/1\/wp-json\/wp\/v2\/tags?post=181805"}],"curies":[{"name":"wp","href":"https:\/\/api.w.org\/{rel}","templated":true}]}}