{"id":181809,"date":"2020-08-03T12:37:37","date_gmt":"2020-08-03T15:37:37","guid":{"rendered":"https:\/\/www.caririemacao.com\/1\/?p=181809"},"modified":"2020-08-03T12:37:37","modified_gmt":"2020-08-03T15:37:37","slug":"auxilio-emergencial-publicado-calendario-para-novos-beneficiarios","status":"publish","type":"post","link":"https:\/\/www.caririemacao.com\/1\/2020\/08\/03\/auxilio-emergencial-publicado-calendario-para-novos-beneficiarios\/","title":{"rendered":"Aux\u00edlio emergencial: publicado calend\u00e1rio para novos benefici\u00e1rios"},"content":{"rendered":"\n<p>O Minist\u00e9rio da Cidadania publicou hoje (3) no&nbsp;<em>Di\u00e1rio Oficial da Uni\u00e3o<\/em>&nbsp;portaria com calend\u00e1rio de pagamento do aux\u00edlio emergencial para benefici\u00e1rios que tenham feito contesta\u00e7\u00e3o ao resultado do cadastro e foram considerados eleg\u00edveis.<\/p>\n\n\n\n<p>Segundo a portaria, tem direito o p\u00fablico benefici\u00e1rio do aux\u00edlio emergencial que tenha feito o procedimento de contesta\u00e7\u00e3o por meio da plataforma digital entre os dias 24 de abril e 19 de julho de 2020 e tenha sido considerado eleg\u00edvel receber\u00e1 o cr\u00e9dito da primeira parcela em poupan\u00e7a social digital aberta em seu nome, conforme o seguinte calend\u00e1rio:<\/p>\n\n\n\n<h2 class=\"wp-block-heading\"><img decoding=\"async\" data-src=\"https:\/\/imagens.ebc.com.br\/ahYT8GRdA6oBWj-2WWMmC6qtKyM=\/463x0\/smart\/https:\/\/agenciabrasil.ebc.com.br\/sites\/default\/files\/thumbnails\/image\/tabela_1_caixa.jpg?itok=uCxgxDnM\" alt=\"Cr\u00e9dito em poupan\u00e7a social digital da Caixa\" src=\"data:image\/svg+xml;base64,PHN2ZyB3aWR0aD0iMSIgaGVpZ2h0PSIxIiB4bWxucz0iaHR0cDovL3d3dy53My5vcmcvMjAwMC9zdmciPjwvc3ZnPg==\" class=\"lazyload\"><\/h2>\n\n\n\n<p>De acordo com a portaria, o p\u00fablico benefici\u00e1rio do aux\u00edlio emergencial que tenha recebido a primeira parcela em abril de 2020 e teve o pagamento reavaliado em julho de 2020, decorrente de atualiza\u00e7\u00f5es de dados governamentais, receber\u00e1 o cr\u00e9dito da terceira e quarta parcelas em poupan\u00e7a social digital aberta em seu nome, tamb\u00e9m receber\u00e1 conforme esse calend\u00e1rio.<\/p>\n\n\n\n<p>A portaria diz ainda que nas datas indicadas nesse calend\u00e1rio, os recursos estar\u00e3o dispon\u00edveis apenas para o pagamento de contas, de boletos e para realiza\u00e7\u00e3o de compras por meio de cart\u00e3o de d\u00e9bito virtual ou QR Code.<\/p>\n\n\n\n<p>Os saques e transfer\u00eancias banc\u00e1rias seguem o seguinte calend\u00e1rio:<\/p>\n\n\n\n<figure class=\"wp-block-image\"><img decoding=\"async\" data-src=\"https:\/\/imagens.ebc.com.br\/zuisdjWn6N5KCJqWgJGELd2AiDA=\/463x0\/smart\/https:\/\/agenciabrasil.ebc.com.br\/sites\/default\/files\/thumbnails\/image\/tabela_2_0.jpg?itok=aQNmhiec\" alt=\"Saque em Dinheiro aux\u00edlio emergencial\" title=\"Divulga\u00e7\u00e3o\/Caixa\" src=\"data:image\/svg+xml;base64,PHN2ZyB3aWR0aD0iMSIgaGVpZ2h0PSIxIiB4bWxucz0iaHR0cDovL3d3dy53My5vcmcvMjAwMC9zdmciPjwvc3ZnPg==\" class=\"lazyload\" \/><\/figure>\n\n\n\n<p>A transfer\u00eancia \u00e9 feita automaticamente para a conta indicada no momento do cadastro.<\/p>\n","protected":false},"excerpt":{"rendered":"<p>O Minist\u00e9rio da Cidadania publicou hoje (3) no&nbsp;Di\u00e1rio Oficial da Uni\u00e3o&nbsp;portaria com calend\u00e1rio de pagamento do aux\u00edlio emergencial para benefici\u00e1rios que tenham feito contesta\u00e7\u00e3o ao&hellip; <\/p>\n","protected":false},"author":2,"featured_media":180828,"comment_status":"closed","ping_status":"closed","sticky":false,"template":"","format":"standard","meta":{"sfsi_plus_gutenberg_text_before_share":"","sfsi_plus_gutenberg_show_text_before_share":"","sfsi_plus_gutenberg_icon_type":"","sfsi_plus_gutenberg_icon_alignemt":"","sfsi_plus_gutenburg_max_per_row":"","footnotes":""},"categories":[2],"tags":[],"class_list":["post-181809","post","type-post","status-publish","format-standard","has-post-thumbnail","hentry","category-geral"],"_links":{"self":[{"href":"https:\/\/www.caririemacao.com\/1\/wp-json\/wp\/v2\/posts\/181809","targetHints":{"allow":["GET"]}}],"collection":[{"href":"https:\/\/www.caririemacao.com\/1\/wp-json\/wp\/v2\/posts"}],"about":[{"href":"https:\/\/www.caririemacao.com\/1\/wp-json\/wp\/v2\/types\/post"}],"author":[{"embeddable":true,"href":"https:\/\/www.caririemacao.com\/1\/wp-json\/wp\/v2\/users\/2"}],"replies":[{"embeddable":true,"href":"https:\/\/www.caririemacao.com\/1\/wp-json\/wp\/v2\/comments?post=181809"}],"version-history":[{"count":1,"href":"https:\/\/www.caririemacao.com\/1\/wp-json\/wp\/v2\/posts\/181809\/revisions"}],"predecessor-version":[{"id":181810,"href":"https:\/\/www.caririemacao.com\/1\/wp-json\/wp\/v2\/posts\/181809\/revisions\/181810"}],"wp:featuredmedia":[{"embeddable":true,"href":"https:\/\/www.caririemacao.com\/1\/wp-json\/wp\/v2\/media\/180828"}],"wp:attachment":[{"href":"https:\/\/www.caririemacao.com\/1\/wp-json\/wp\/v2\/media?parent=181809"}],"wp:term":[{"taxonomy":"category","embeddable":true,"href":"https:\/\/www.caririemacao.com\/1\/wp-json\/wp\/v2\/categories?post=181809"},{"taxonomy":"post_tag","embeddable":true,"href":"https:\/\/www.caririemacao.com\/1\/wp-json\/wp\/v2\/tags?post=181809"}],"curies":[{"name":"wp","href":"https:\/\/api.w.org\/{rel}","templated":true}]}}