{"id":181815,"date":"2020-08-03T13:36:41","date_gmt":"2020-08-03T16:36:41","guid":{"rendered":"https:\/\/www.caririemacao.com\/1\/?p=181815"},"modified":"2020-08-03T13:36:41","modified_gmt":"2020-08-03T16:36:41","slug":"veja-concursos-e-selecoes-com-editais-publicados-na-pb-ate-9-de-agosto","status":"publish","type":"post","link":"https:\/\/www.caririemacao.com\/1\/2020\/08\/03\/veja-concursos-e-selecoes-com-editais-publicados-na-pb-ate-9-de-agosto\/","title":{"rendered":"Veja concursos e sele\u00e7\u00f5es com editais publicados na PB at\u00e9 9 de agosto"},"content":{"rendered":"\n<p>Pelo menos 450 vagas s\u00e3o oferecidas em seis editais de concursos e sele\u00e7\u00f5es publicados na Para\u00edba, nesta semana de 26 de julho a 2 de agosto.<\/p>\n\n\n\n<h2 class=\"wp-block-heading\"><a href=\"https:\/\/g1.globo.com\/pb\/paraiba\/noticia\/2020\/06\/12\/concurso-da-prefeitura-de-mogeiro-pb-divulga-edital.ghtml\" target=\"_blank\" rel=\"noreferrer noopener\">Concurso da prefeitura de Mogeiro<\/a><\/h2>\n\n\n\n<ul class=\"wp-block-list\"><li>Vagas: 72<\/li><li>N\u00edvel: fundamental, m\u00e9dio e superior<\/li><li>Sal\u00e1rios: a partir de R$ 1.045 at\u00e9 R$ 6,9 mil<\/li><li>Prazo de inscri\u00e7\u00e3o: at\u00e9 7 de agosto<\/li><li>Local de inscri\u00e7\u00e3o:&nbsp;<a href=\"http:\/\/www.facetconcursos.com.br\/\" target=\"_blank\" rel=\"noreferrer noopener\">site da organizadora, Facet concursos<\/a><\/li><li>Taxas de inscri\u00e7\u00e3o: R$ 75 (fundamental), R$ 85 (m\u00e9dio) e R$ 115 (superior)<\/li><li>Provas: 13 de setembro<\/li><li><a href=\"https:\/\/g1.globo.com\/pb\/paraiba\/noticia\/2020\/06\/12\/concurso-da-prefeitura-de-mogeiro-pb-divulga-edital.ghtml\" target=\"_blank\" rel=\"noreferrer noopener\">Edital do concurso da prefeitura de Mogeiro<\/a><\/li><\/ul>\n\n\n\n<h2 class=\"wp-block-heading\"><a href=\"https:\/\/g1.globo.com\/pb\/paraiba\/noticia\/2020\/07\/22\/concursos-para-a-prefeitura-de-pitimbu-na-pb-prorrogam-inscricoes.ghtml\" target=\"_blank\" rel=\"noreferrer noopener\"><strong>Concurso para Guarda Municipal de Pitimbu<\/strong><\/a><\/h2>\n\n\n\n<ul class=\"wp-block-list\"><li>Vagas: 10 (sendo 5 para cadastro de reserva)<\/li><li>N\u00edvel: m\u00e9dio<\/li><li>Sal\u00e1rios: R$ 1.045<\/li><li>Prazo de inscri\u00e7\u00e3o: at\u00e9 9 de agosto<\/li><li>Local de inscri\u00e7\u00e3o:&nbsp;<a href=\"http:\/\/www.idib.org.br\/Concurso.aspx?ID=196\" target=\"_blank\" rel=\"noreferrer noopener\">site da organizadora, Idib<\/a><\/li><li>Taxas de inscri\u00e7\u00e3o: R$ 100<\/li><li>Provas: 20 de setembro de 2020<\/li><li><a href=\"http:\/\/www.idib.org.br\/Concurso.aspx?ID=196\" target=\"_blank\" rel=\"noreferrer noopener\">Edital do concurso para Guarda Civil de Pitimbu<\/a><\/li><\/ul>\n\n\n\n<h2 class=\"wp-block-heading\"><a href=\"https:\/\/g1.globo.com\/pb\/paraiba\/noticia\/2020\/07\/22\/concursos-para-a-prefeitura-de-pitimbu-na-pb-prorrogam-inscricoes.ghtml\" target=\"_blank\" rel=\"noreferrer noopener\">Concurso para Prefeitura de Pitimbu<\/a><\/h2>\n\n\n\n<ul class=\"wp-block-list\"><li>Vagas: 305 para contrata\u00e7\u00e3o imediata e 305 para cadastro de reserva<\/li><li>N\u00edvel: fundamental, m\u00e9dio e superior<\/li><li>Sal\u00e1rios: variam de R$ 1.045 a R$ 2.892,67<\/li><li>Prazo de inscri\u00e7\u00e3o: at\u00e9 9 de agosto<\/li><li>Local de inscri\u00e7\u00e3o:&nbsp;<a href=\"http:\/\/www.idib.org.br\/Concurso.aspx?ID=196\" target=\"_blank\" rel=\"noreferrer noopener\">site da organizadora, Idib<\/a><\/li><li>Taxas de inscri\u00e7\u00e3o: entre R$ 70 e R$ 130<\/li><li>Provas: 27 de setembro de 2020<\/li><li><a href=\"http:\/\/www.idib.org.br\/Concurso.aspx?ID=196\" target=\"_blank\" rel=\"noreferrer noopener\">Edital do concurso para Prefeitura de Pitimbu<\/a><\/li><\/ul>\n\n\n\n<h2 class=\"wp-block-heading\"><a href=\"https:\/\/g1.globo.com\/pb\/paraiba\/noticia\/2020\/07\/14\/concurso-do-conselho-regional-de-servico-social-tem-inscricoes-abertas.ghtml\" target=\"_blank\" rel=\"noreferrer noopener\">Concurso do Conselho Regional de Servi\u00e7o Social<\/a><\/h2>\n\n\n\n<ul class=\"wp-block-list\"><li>Vagas: 5<\/li><li>N\u00edveis: m\u00e9dio e superior<\/li><li>Sal\u00e1rios: R$ 1.812,47 a 4.386,24<\/li><li>Prazo de inscri\u00e7\u00e3o: at\u00e9 10 de agosto<\/li><li>Local de inscri\u00e7\u00e3o:<a href=\"http:\/\/www.quadrix.org.br\/\" target=\"_blank\" rel=\"noreferrer noopener\">&nbsp;site da organizadora<\/a><\/li><li>Taxas de inscri\u00e7\u00e3o: R$ 39 para n\u00edvel m\u00e9dio e R$ 44 para n\u00edvel superior<\/li><li>Provas: 4 de outubro<\/li><li><a href=\"http:\/\/www.quadrix.org.br\/web\/visualizar.html?file=http:\/\/www.quadrix.org.br\/Archives\/General\/21979\/23168\/23170\/569A5FDC703C\/4_CRESS-PB_concurso_publico_2020_edital_1.pdf\" target=\"_blank\" rel=\"noreferrer noopener\">Edital do concurso do Conselho Regional de Servi\u00e7o Social<\/a><\/li><\/ul>\n\n\n\n<h2 class=\"wp-block-heading\"><a href=\"https:\/\/g1.globo.com\/pb\/paraiba\/noticia\/2020\/07\/30\/concurso-da-prefeitura-de-poco-dantas-prorroga-inscricoes-na-pb.ghtml\" target=\"_blank\" rel=\"noreferrer noopener\">Concurso da prefeitura de Po\u00e7o Dantas<\/a><\/h2>\n\n\n\n<ul class=\"wp-block-list\"><li>Vagas: 24<\/li><li>N\u00edvel: fundamental, m\u00e9dio e superior<\/li><li>Sal\u00e1rios: a partir de R$ 1.045 at\u00e9 R$ 8 mil<\/li><li>Prazo de inscri\u00e7\u00e3o: at\u00e9 10 de agosto<\/li><li>Local de inscri\u00e7\u00e3o:&nbsp;<a href=\"http:\/\/www.facetconcursos.com.br\/\" target=\"_blank\" rel=\"noreferrer noopener\">site da organizadora, Facet concursos<\/a><\/li><li>Taxas de inscri\u00e7\u00e3o: R$ 60 (fundamental), R$ 80 (m\u00e9dio) e R$ 100 (superior)<\/li><li>Provas: 30 de agosto<\/li><li><a href=\"http:\/\/www.facetconcursos.com.br\/dantas\/edital.pdf\" target=\"_blank\" rel=\"noreferrer noopener\">Edital do concurso da prefeitura de Po\u00e7o Dantas<\/a><\/li><\/ul>\n\n\n\n<h2 class=\"wp-block-heading\"><a href=\"https:\/\/g1.globo.com\/pb\/paraiba\/noticia\/2020\/07\/06\/concurso-da-prefeitura-de-matureia-pb-abre-inscricoes.ghtml\" target=\"_blank\" rel=\"noreferrer noopener\">Concurso da prefeitura de Matureia<\/a><\/h2>\n\n\n\n<ul class=\"wp-block-list\"><li>Vagas: 34<\/li><li>N\u00edvel: fundamental, m\u00e9dio, t\u00e9cnico e superior<\/li><li>Sal\u00e1rios: de R$ 1.045 at\u00e9 R$ 8 mil<\/li><li>Prazo de inscri\u00e7\u00e3o: at\u00e9 14 de agosto<\/li><li>Local de inscri\u00e7\u00e3o:\u00a0<a rel=\"noreferrer noopener\" href=\"http:\/\/www.facetconcursos.com.br\/matureia\/\" target=\"_blank\">site da organizadora, Facet concursos<\/a><\/li><li>Taxas de inscri\u00e7\u00e3o: R$ 65 (fundamental), R$ 85 (m\u00e9dio) e R$ 105 (superior)<\/li><li>Provas: 20 de setembro<\/li><li><a rel=\"noreferrer noopener\" href=\"http:\/\/www.facetconcursos.com.br\/matureia\/edital.pdf\" target=\"_blank\">Edital do concurso da prefeitura de Matureia<\/a><\/li><li><\/li><li><\/li><li>G1<\/li><\/ul>\n","protected":false},"excerpt":{"rendered":"<p>Pelo menos 450 vagas s\u00e3o oferecidas em seis editais de concursos e sele\u00e7\u00f5es publicados na Para\u00edba, nesta semana de 26 de julho a 2 de&hellip; <\/p>\n","protected":false},"author":2,"featured_media":177276,"comment_status":"closed","ping_status":"closed","sticky":false,"template":"","format":"standard","meta":{"sfsi_plus_gutenberg_text_before_share":"","sfsi_plus_gutenberg_show_text_before_share":"","sfsi_plus_gutenberg_icon_type":"","sfsi_plus_gutenberg_icon_alignemt":"","sfsi_plus_gutenburg_max_per_row":"","footnotes":""},"categories":[2],"tags":[],"class_list":["post-181815","post","type-post","status-publish","format-standard","has-post-thumbnail","hentry","category-geral"],"_links":{"self":[{"href":"https:\/\/www.caririemacao.com\/1\/wp-json\/wp\/v2\/posts\/181815","targetHints":{"allow":["GET"]}}],"collection":[{"href":"https:\/\/www.caririemacao.com\/1\/wp-json\/wp\/v2\/posts"}],"about":[{"href":"https:\/\/www.caririemacao.com\/1\/wp-json\/wp\/v2\/types\/post"}],"author":[{"embeddable":true,"href":"https:\/\/www.caririemacao.com\/1\/wp-json\/wp\/v2\/users\/2"}],"replies":[{"embeddable":true,"href":"https:\/\/www.caririemacao.com\/1\/wp-json\/wp\/v2\/comments?post=181815"}],"version-history":[{"count":1,"href":"https:\/\/www.caririemacao.com\/1\/wp-json\/wp\/v2\/posts\/181815\/revisions"}],"predecessor-version":[{"id":181816,"href":"https:\/\/www.caririemacao.com\/1\/wp-json\/wp\/v2\/posts\/181815\/revisions\/181816"}],"wp:featuredmedia":[{"embeddable":true,"href":"https:\/\/www.caririemacao.com\/1\/wp-json\/wp\/v2\/media\/177276"}],"wp:attachment":[{"href":"https:\/\/www.caririemacao.com\/1\/wp-json\/wp\/v2\/media?parent=181815"}],"wp:term":[{"taxonomy":"category","embeddable":true,"href":"https:\/\/www.caririemacao.com\/1\/wp-json\/wp\/v2\/categories?post=181815"},{"taxonomy":"post_tag","embeddable":true,"href":"https:\/\/www.caririemacao.com\/1\/wp-json\/wp\/v2\/tags?post=181815"}],"curies":[{"name":"wp","href":"https:\/\/api.w.org\/{rel}","templated":true}]}}