{"id":181821,"date":"2020-08-03T13:55:30","date_gmt":"2020-08-03T16:55:30","guid":{"rendered":"https:\/\/www.caririemacao.com\/1\/?p=181821"},"modified":"2020-08-03T13:55:30","modified_gmt":"2020-08-03T16:55:30","slug":"ufpb-abre-inscricoes-para-auxilio-inclusao-digital-no-valor-de-r-200-destinado-a-estudantes-de-pos-graduacao","status":"publish","type":"post","link":"https:\/\/www.caririemacao.com\/1\/2020\/08\/03\/ufpb-abre-inscricoes-para-auxilio-inclusao-digital-no-valor-de-r-200-destinado-a-estudantes-de-pos-graduacao\/","title":{"rendered":"UFPB abre inscri\u00e7\u00f5es para aux\u00edlio inclus\u00e3o digital no valor de R$ 200 destinado a estudantes de p\u00f3s-gradua\u00e7\u00e3o"},"content":{"rendered":"\n<p>A Pr\u00f3-Reitoria de P\u00f3s-Gradua\u00e7\u00e3o (PRPG) da Universidade Federal da Para\u00edba (UFPB) inscreve a partir desta segunda-feira (03),&nbsp;estudantes dos cursos de mestrado e doutorado nos quatro campi da institui\u00e7\u00e3o, para receber aux\u00edlio de R$ 200 destinado \u00e0 inclus\u00e3o digital.<\/p>\n\n\n\n<p>Interessados devem se inscrever at\u00e9 o dia 10 de agosto, pelo Sistema Integrado de Gest\u00e3o de Atividades Acad\u00eamicas (Sigaa). N\u00e3o h\u00e1 limites de vagas. Para realizar as inscri\u00e7\u00f5es, os estudantes devem atentar apenas aos requisitos do processo seletivo.<\/p>\n\n\n\n<p>Os candidatos ao aux\u00edlio n\u00e3o podem ser bolsistas em cursos de mestrado ou doutorado, nem receber bolsas de pesquisa ou extens\u00e3o, e t\u00eam de estar matriculados (com declara\u00e7\u00e3o de matr\u00edcula) em componentes curriculares ofertados de forma remota na p\u00f3s-gradua\u00e7\u00e3o stricto sensu da UFPB.<\/p>\n\n\n\n<p>Al\u00e9m disso, os estudantes devem comprovar necessidade socioecon\u00f4mica, por meio da confirma\u00e7\u00e3o de renda familiar per capita bruta igual ou inferior a 1,5 sal\u00e1rio m\u00ednimo. Na constata\u00e7\u00e3o, o valor total dos rendimentos da fam\u00edlia ser\u00e1 dividido pelo n\u00famero de dependentes.<\/p>\n\n\n\n<p>O aux\u00edlio inclus\u00e3o digital ser\u00e1 concedido em parcela \u00fanica. Tem o objetivo de contribuir para que os estudantes possam adquirir pacotes de dados, ou equivalentes, e desenvolver as atividades necess\u00e1rias no ensino remoto.<\/p>\n\n\n\n<p>A inten\u00e7\u00e3o do programa de aux\u00edlio emergencial \u00e9 garantir o acesso \u00e0 internet e facilitar a participa\u00e7\u00e3o integral dos estudantes nas atividades acad\u00eamicas desenvolvidas de forma remota.<\/p>\n\n\n\n<p>O per\u00edodo de avalia\u00e7\u00e3o das candidaturas ao recebimento do aux\u00edlio ser\u00e1 de 11 a 17 de agosto. O setor de Servi\u00e7o Social da Pr\u00f3-Reitoria de P\u00f3s-Gradua\u00e7\u00e3o da UFPB \u00e9 quem far\u00e1 a avalia\u00e7\u00e3o socioecon\u00f4mica da candidatura e emitir\u00e1 o parecer.<\/p>\n\n\n\n<p>Os nomes dos selecionados ser\u00e3o divulgados, ap\u00f3s os recursos, no dia 2 de setembro.&nbsp;<\/p>\n\n\n\n<p>As assinaturas dos termos de compromisso dos estudantes ocorrer\u00e3o de 3 a 6 de setembro e o recebimento do aux\u00edlio se dar\u00e1 no dia 7 de setembro.&nbsp;<\/p>\n\n\n\n<p>Mais informa\u00e7\u00f5es podem ser obtidas no&nbsp;<a href=\"http:\/\/www.prpg.ufpb.br\/prpg\/contents\/downloads\/Edital022020PRPGAUXLIOINCLUSODIGITAL.pdf\">edital<\/a>&nbsp;do processo seletivo.<\/p>\n","protected":false},"excerpt":{"rendered":"<p>A Pr\u00f3-Reitoria de P\u00f3s-Gradua\u00e7\u00e3o (PRPG) da Universidade Federal da Para\u00edba (UFPB) inscreve a partir desta segunda-feira (03),&nbsp;estudantes dos cursos de mestrado e doutorado nos quatro&hellip; <\/p>\n","protected":false},"author":2,"featured_media":177789,"comment_status":"closed","ping_status":"closed","sticky":false,"template":"","format":"standard","meta":{"sfsi_plus_gutenberg_text_before_share":"","sfsi_plus_gutenberg_show_text_before_share":"","sfsi_plus_gutenberg_icon_type":"","sfsi_plus_gutenberg_icon_alignemt":"","sfsi_plus_gutenburg_max_per_row":"","footnotes":""},"categories":[14],"tags":[],"class_list":["post-181821","post","type-post","status-publish","format-standard","has-post-thumbnail","hentry","category-educacao"],"_links":{"self":[{"href":"https:\/\/www.caririemacao.com\/1\/wp-json\/wp\/v2\/posts\/181821","targetHints":{"allow":["GET"]}}],"collection":[{"href":"https:\/\/www.caririemacao.com\/1\/wp-json\/wp\/v2\/posts"}],"about":[{"href":"https:\/\/www.caririemacao.com\/1\/wp-json\/wp\/v2\/types\/post"}],"author":[{"embeddable":true,"href":"https:\/\/www.caririemacao.com\/1\/wp-json\/wp\/v2\/users\/2"}],"replies":[{"embeddable":true,"href":"https:\/\/www.caririemacao.com\/1\/wp-json\/wp\/v2\/comments?post=181821"}],"version-history":[{"count":1,"href":"https:\/\/www.caririemacao.com\/1\/wp-json\/wp\/v2\/posts\/181821\/revisions"}],"predecessor-version":[{"id":181822,"href":"https:\/\/www.caririemacao.com\/1\/wp-json\/wp\/v2\/posts\/181821\/revisions\/181822"}],"wp:featuredmedia":[{"embeddable":true,"href":"https:\/\/www.caririemacao.com\/1\/wp-json\/wp\/v2\/media\/177789"}],"wp:attachment":[{"href":"https:\/\/www.caririemacao.com\/1\/wp-json\/wp\/v2\/media?parent=181821"}],"wp:term":[{"taxonomy":"category","embeddable":true,"href":"https:\/\/www.caririemacao.com\/1\/wp-json\/wp\/v2\/categories?post=181821"},{"taxonomy":"post_tag","embeddable":true,"href":"https:\/\/www.caririemacao.com\/1\/wp-json\/wp\/v2\/tags?post=181821"}],"curies":[{"name":"wp","href":"https:\/\/api.w.org\/{rel}","templated":true}]}}