{"id":181827,"date":"2020-08-03T14:09:31","date_gmt":"2020-08-03T17:09:31","guid":{"rendered":"https:\/\/www.caririemacao.com\/1\/?p=181827"},"modified":"2020-08-03T14:09:31","modified_gmt":"2020-08-03T17:09:31","slug":"mec-divulga-resultado-do-fies-nesta-terca-feira","status":"publish","type":"post","link":"https:\/\/www.caririemacao.com\/1\/2020\/08\/03\/mec-divulga-resultado-do-fies-nesta-terca-feira\/","title":{"rendered":"MEC divulga resultado do Fies nesta ter\u00e7a-feira"},"content":{"rendered":"\n<p>O Minist\u00e9rio da Educa\u00e7\u00e3o (MEC) divulgar\u00e1 nesta ter\u00e7a-feira (4) o resultado dos candidatos pr\u00e9-selecionados para o Fundo de Financiamento Estudantil (Fies). Nesta edi\u00e7\u00e3o, 107 mil 875 inscritos disputam 30 mil vagas ofertadas em mais de 1,3 mil institui\u00e7\u00f5es de ensino superior. Os interessados devem ficar atentos aos prazos porque a complementa\u00e7\u00e3o da inscri\u00e7\u00e3o nessa chamada \u00fanica come\u00e7a amanh\u00e3 e segue at\u00e9 as 23h59 de quinta-feira (6).<\/p>\n\n\n\n<p><strong>Lista de espera<\/strong><\/p>\n\n\n\n<p>Quem n\u00e3o for pr\u00e9-selecionado nessa fase pode disputar uma das vagas ofertadas por meio da lista de espera.&nbsp;<\/p>\n\n\n\n<p>Diferentemente dos processos seletivos do Sisu (Sistema de Sele\u00e7\u00e3o Unificada) e do Prouni (Programa Universidade Para Todos), para participar da lista de espera do Fies n\u00e3o \u00e9 necess\u00e1rio manifestar interesse porque a inclus\u00e3o \u00e9 feita automaticamente. A convoca\u00e7\u00e3o da lista de espera vai do dia 4 at\u00e9 as 23h59 de 31 de agosto.<\/p>\n\n\n\n<p><strong>Programa<\/strong><\/p>\n\n\n\n<p>O Fies \u00e9 um programa do MEC que concede financiamento a estudantes em cursos superiores n\u00e3o gratuitos, em institui\u00e7\u00f5es particulares de educa\u00e7\u00e3o superior. O fundo \u00e9 um modelo de financiamento estudantil moderno, dividido em diferentes modalidades, podendo conceder juro zero a quem mais precisa. A escala varia conforme a renda familiar do candidato.<\/p>\n","protected":false},"excerpt":{"rendered":"<p>O Minist\u00e9rio da Educa\u00e7\u00e3o (MEC) divulgar\u00e1 nesta ter\u00e7a-feira (4) o resultado dos candidatos pr\u00e9-selecionados para o Fundo de Financiamento Estudantil (Fies). Nesta edi\u00e7\u00e3o, 107 mil&hellip; <\/p>\n","protected":false},"author":2,"featured_media":180822,"comment_status":"closed","ping_status":"closed","sticky":false,"template":"","format":"standard","meta":{"sfsi_plus_gutenberg_text_before_share":"","sfsi_plus_gutenberg_show_text_before_share":"","sfsi_plus_gutenberg_icon_type":"","sfsi_plus_gutenberg_icon_alignemt":"","sfsi_plus_gutenburg_max_per_row":"","footnotes":""},"categories":[14],"tags":[],"class_list":["post-181827","post","type-post","status-publish","format-standard","has-post-thumbnail","hentry","category-educacao"],"_links":{"self":[{"href":"https:\/\/www.caririemacao.com\/1\/wp-json\/wp\/v2\/posts\/181827","targetHints":{"allow":["GET"]}}],"collection":[{"href":"https:\/\/www.caririemacao.com\/1\/wp-json\/wp\/v2\/posts"}],"about":[{"href":"https:\/\/www.caririemacao.com\/1\/wp-json\/wp\/v2\/types\/post"}],"author":[{"embeddable":true,"href":"https:\/\/www.caririemacao.com\/1\/wp-json\/wp\/v2\/users\/2"}],"replies":[{"embeddable":true,"href":"https:\/\/www.caririemacao.com\/1\/wp-json\/wp\/v2\/comments?post=181827"}],"version-history":[{"count":1,"href":"https:\/\/www.caririemacao.com\/1\/wp-json\/wp\/v2\/posts\/181827\/revisions"}],"predecessor-version":[{"id":181828,"href":"https:\/\/www.caririemacao.com\/1\/wp-json\/wp\/v2\/posts\/181827\/revisions\/181828"}],"wp:featuredmedia":[{"embeddable":true,"href":"https:\/\/www.caririemacao.com\/1\/wp-json\/wp\/v2\/media\/180822"}],"wp:attachment":[{"href":"https:\/\/www.caririemacao.com\/1\/wp-json\/wp\/v2\/media?parent=181827"}],"wp:term":[{"taxonomy":"category","embeddable":true,"href":"https:\/\/www.caririemacao.com\/1\/wp-json\/wp\/v2\/categories?post=181827"},{"taxonomy":"post_tag","embeddable":true,"href":"https:\/\/www.caririemacao.com\/1\/wp-json\/wp\/v2\/tags?post=181827"}],"curies":[{"name":"wp","href":"https:\/\/api.w.org\/{rel}","templated":true}]}}