{"id":181830,"date":"2020-08-03T14:11:57","date_gmt":"2020-08-03T17:11:57","guid":{"rendered":"https:\/\/www.caririemacao.com\/1\/?p=181830"},"modified":"2020-08-03T14:11:57","modified_gmt":"2020-08-03T17:11:57","slug":"maia-quer-acelerar-projeto-sobre-fake-news-apos-ataques-a-felipe-neto","status":"publish","type":"post","link":"https:\/\/www.caririemacao.com\/1\/2020\/08\/03\/maia-quer-acelerar-projeto-sobre-fake-news-apos-ataques-a-felipe-neto\/","title":{"rendered":"Maia quer acelerar projeto sobre fake news ap\u00f3s ataques a Felipe Neto"},"content":{"rendered":"\n<p>O presidente da C\u00e2mara dos Deputados, Rodrigo Maia (DEM-RJ), afirmou que vai acelerar a vota\u00e7\u00e3o do projeto que combate as chamadas fake news ap\u00f3s\u00a0ataques sofridos pelo influenciador digital Felipe Neto.<\/p>\n\n\n\n<p>Neto tem um canal no YouTube com 39 milh\u00f5es de inscritos e mais de dez bilh\u00f5es de visualiza\u00e7\u00f5es acumuladas. Cr\u00edtico do governo Bolsonaro, o youtuber tem sido atacado nas redes sociais com acusa\u00e7\u00f5es falsas e amea\u00e7as.&nbsp; Na \u00faltima quarta-feira (29), homens foram com um carro de som at\u00e9 a casa do de Felipe Neto fazer ataques verbais a ele.<\/p>\n\n\n\n<p>Ap\u00f3s os ataques, Maia convidou o influenciador para debater a proposta que tramita na C\u00e2mara. Entre outras medidas, o texto restringe o funcionamento de contas geridas por rob\u00f4s; e determina a cria\u00e7\u00e3o do Conselho de Transpar\u00eancia e Responsabilidade na Internet.<\/p>\n\n\n\n<p>\u201cA covardia \u00e9 a virtude dos fracos. Esses ataques s\u00f3 refor\u00e7am o car\u00e1ter daqueles que s\u00e3o incapazes de vencer um debate com argumentos e com respeito. Por tudo que voc\u00ea tem sofrido nesses dias, n\u00f3s vamos acelerar o projeto de combate \u00e0s fake news\u201d, afirmou Rodrigo Maia por meio de suas redes sociais.<\/p>\n\n\n\n<p>O youtuber j\u00e1 aceitou o convite, mas a data do encontro ainda n\u00e3o foi marcada.<\/p>\n\n\n\n<h4 class=\"wp-block-heading\"><strong>A proposta<\/strong><\/h4>\n\n\n\n<p>O Projeto de Lei 2630\/20, j\u00e1 aprovado pelo Senado, institui a Lei Brasileira de Liberdade, Responsabilidade e Transpar\u00eancia na Internet. O texto cria medidas de combate \u00e0 dissemina\u00e7\u00e3o de conte\u00fado falso nas redes sociais, como Facebook e Twitter, e nos servi\u00e7os de mensagens privadas, como WhatsApp e Telegram, excluindo-se servi\u00e7os de uso corporativo e e-mail.<\/p>\n\n\n\n<p>As medidas valer\u00e3o para as plataformas com mais de 2 milh\u00f5es de usu\u00e1rios, inclusive estrangeiras, desde que ofertem servi\u00e7os ao p\u00fablico brasileiro.<\/p>\n","protected":false},"excerpt":{"rendered":"<p>O presidente da C\u00e2mara dos Deputados, Rodrigo Maia (DEM-RJ), afirmou que vai acelerar a vota\u00e7\u00e3o do projeto que combate as chamadas fake news ap\u00f3s\u00a0ataques sofridos&hellip; <\/p>\n","protected":false},"author":2,"featured_media":181465,"comment_status":"closed","ping_status":"closed","sticky":false,"template":"","format":"standard","meta":{"sfsi_plus_gutenberg_text_before_share":"","sfsi_plus_gutenberg_show_text_before_share":"","sfsi_plus_gutenberg_icon_type":"","sfsi_plus_gutenberg_icon_alignemt":"","sfsi_plus_gutenburg_max_per_row":"","footnotes":""},"categories":[11],"tags":[],"class_list":["post-181830","post","type-post","status-publish","format-standard","has-post-thumbnail","hentry","category-politica"],"_links":{"self":[{"href":"https:\/\/www.caririemacao.com\/1\/wp-json\/wp\/v2\/posts\/181830","targetHints":{"allow":["GET"]}}],"collection":[{"href":"https:\/\/www.caririemacao.com\/1\/wp-json\/wp\/v2\/posts"}],"about":[{"href":"https:\/\/www.caririemacao.com\/1\/wp-json\/wp\/v2\/types\/post"}],"author":[{"embeddable":true,"href":"https:\/\/www.caririemacao.com\/1\/wp-json\/wp\/v2\/users\/2"}],"replies":[{"embeddable":true,"href":"https:\/\/www.caririemacao.com\/1\/wp-json\/wp\/v2\/comments?post=181830"}],"version-history":[{"count":1,"href":"https:\/\/www.caririemacao.com\/1\/wp-json\/wp\/v2\/posts\/181830\/revisions"}],"predecessor-version":[{"id":181831,"href":"https:\/\/www.caririemacao.com\/1\/wp-json\/wp\/v2\/posts\/181830\/revisions\/181831"}],"wp:featuredmedia":[{"embeddable":true,"href":"https:\/\/www.caririemacao.com\/1\/wp-json\/wp\/v2\/media\/181465"}],"wp:attachment":[{"href":"https:\/\/www.caririemacao.com\/1\/wp-json\/wp\/v2\/media?parent=181830"}],"wp:term":[{"taxonomy":"category","embeddable":true,"href":"https:\/\/www.caririemacao.com\/1\/wp-json\/wp\/v2\/categories?post=181830"},{"taxonomy":"post_tag","embeddable":true,"href":"https:\/\/www.caririemacao.com\/1\/wp-json\/wp\/v2\/tags?post=181830"}],"curies":[{"name":"wp","href":"https:\/\/api.w.org\/{rel}","templated":true}]}}