{"id":181838,"date":"2020-08-03T14:22:00","date_gmt":"2020-08-03T17:22:00","guid":{"rendered":"https:\/\/www.caririemacao.com\/1\/?p=181838"},"modified":"2020-08-03T14:22:00","modified_gmt":"2020-08-03T17:22:00","slug":"bolsonaro-critica-governadores-em-visita-a-padaria-mas-se-recusa-a-citar-nomes","status":"publish","type":"post","link":"https:\/\/www.caririemacao.com\/1\/2020\/08\/03\/bolsonaro-critica-governadores-em-visita-a-padaria-mas-se-recusa-a-citar-nomes\/","title":{"rendered":"Bolsonaro critica governadores em visita \u00e0 padaria, mas se recusa a citar nomes"},"content":{"rendered":"\n<figure><iframe width=\"100%\" height=\"480\" data-src=\"https:\/\/www.youtube.com\/embed\/jg5AoEAdJeA\" allowfullscreen=\"\" src=\"data:image\/svg+xml;base64,PHN2ZyB3aWR0aD0iMSIgaGVpZ2h0PSIxIiB4bWxucz0iaHR0cDovL3d3dy53My5vcmcvMjAwMC9zdmciPjwvc3ZnPg==\" class=\"lazyload\" data-load-mode=\"1\"><\/iframe><\/figure>\n\n\n\n<p>O presidente Jair Bolsonaro destacou a crise no mercado informal durante visita a uma padaria, neste domingo (2.ago.2020). <\/p>\n\n\n\n<p>Bolsonaro destacou que com\u00e9rcios foram dizimados e culpou governadores que &#8220;quebraram o estado deles&#8221;, os mesmos que defendem a continua\u00e7\u00e3o do benef\u00edcio concedido durante a pandemia \u2013 sem citar nomes.\u00a0<\/p>\n","protected":false},"excerpt":{"rendered":"<p>O presidente Jair Bolsonaro destacou a crise no mercado informal durante visita a uma padaria, neste domingo (2.ago.2020). Bolsonaro destacou que com\u00e9rcios foram dizimados e&hellip; <\/p>\n","protected":false},"author":2,"featured_media":181515,"comment_status":"closed","ping_status":"closed","sticky":false,"template":"","format":"standard","meta":{"sfsi_plus_gutenberg_text_before_share":"","sfsi_plus_gutenberg_show_text_before_share":"","sfsi_plus_gutenberg_icon_type":"","sfsi_plus_gutenberg_icon_alignemt":"","sfsi_plus_gutenburg_max_per_row":"","footnotes":""},"categories":[11],"tags":[],"class_list":["post-181838","post","type-post","status-publish","format-standard","has-post-thumbnail","hentry","category-politica"],"_links":{"self":[{"href":"https:\/\/www.caririemacao.com\/1\/wp-json\/wp\/v2\/posts\/181838","targetHints":{"allow":["GET"]}}],"collection":[{"href":"https:\/\/www.caririemacao.com\/1\/wp-json\/wp\/v2\/posts"}],"about":[{"href":"https:\/\/www.caririemacao.com\/1\/wp-json\/wp\/v2\/types\/post"}],"author":[{"embeddable":true,"href":"https:\/\/www.caririemacao.com\/1\/wp-json\/wp\/v2\/users\/2"}],"replies":[{"embeddable":true,"href":"https:\/\/www.caririemacao.com\/1\/wp-json\/wp\/v2\/comments?post=181838"}],"version-history":[{"count":1,"href":"https:\/\/www.caririemacao.com\/1\/wp-json\/wp\/v2\/posts\/181838\/revisions"}],"predecessor-version":[{"id":181839,"href":"https:\/\/www.caririemacao.com\/1\/wp-json\/wp\/v2\/posts\/181838\/revisions\/181839"}],"wp:featuredmedia":[{"embeddable":true,"href":"https:\/\/www.caririemacao.com\/1\/wp-json\/wp\/v2\/media\/181515"}],"wp:attachment":[{"href":"https:\/\/www.caririemacao.com\/1\/wp-json\/wp\/v2\/media?parent=181838"}],"wp:term":[{"taxonomy":"category","embeddable":true,"href":"https:\/\/www.caririemacao.com\/1\/wp-json\/wp\/v2\/categories?post=181838"},{"taxonomy":"post_tag","embeddable":true,"href":"https:\/\/www.caririemacao.com\/1\/wp-json\/wp\/v2\/tags?post=181838"}],"curies":[{"name":"wp","href":"https:\/\/api.w.org\/{rel}","templated":true}]}}