{"id":181841,"date":"2020-08-03T14:24:05","date_gmt":"2020-08-03T17:24:05","guid":{"rendered":"https:\/\/www.caririemacao.com\/1\/?p=181841"},"modified":"2020-08-03T14:24:05","modified_gmt":"2020-08-03T17:24:05","slug":"volta-as-aulas-presenciais-segue-sem-previsao-em-16-estados","status":"publish","type":"post","link":"https:\/\/www.caririemacao.com\/1\/2020\/08\/03\/volta-as-aulas-presenciais-segue-sem-previsao-em-16-estados\/","title":{"rendered":"Volta \u00e0s aulas presenciais segue sem previs\u00e3o em 16 Estados"},"content":{"rendered":"\n<p>Os estudantes das redes estaduais de ensino est\u00e3o h\u00e1 mais de 4 meses sem ir \u00e0 escola. N\u00e3o se sabe quando o panorama ir\u00e1 mudar em 16 unidades da Federa\u00e7\u00e3o, de acordo com levantamento do Poder360 at\u00e9 6\u00aa feira (31.jul.2020).&nbsp;<br><br>Mesmo nos Estados onde h\u00e1 previs\u00e3o para retomar as aulas presenciais, as datas s\u00e3o incertas. A governadora do Rio Grande do Norte, F\u00e1tima Bezerra (PT), j\u00e1 disse que o retorno deve ser adiado, mas ainda n\u00e3o h\u00e1 decis\u00e3o oficial.<br><br>O Estado de S\u00e3o Paulo programou o retorno dos estudantes a partir de 8 de setembro, com rod\u00edzio de alunos, desde que todas as regi\u00f5es permane\u00e7am por 28 dias consecutivos na chamada \u201cfase amarela\u201d \u2013uma das etapas menos restritivas do plano de retomada das atividades.<br><br>At\u00e9 31 de julho, o Estado tinha 4 regi\u00f5es na fase vermelha e 11 na fase laranja. A revis\u00e3o de etapas s\u00f3 pode ser feita a cada 14 dias. A retomada das aulas sofre resist\u00eancia por parte de professores.<br><br>No Distrito Federal, o governo j\u00e1 come\u00e7ou a preparar as escolas para receber os estudantes. A expectativa \u00e9 que os alunos da EJA (Educa\u00e7\u00e3o de Jovens e Adultos) e de educa\u00e7\u00e3o profissional retornem \u00e0s atividades presenciais em 31 de agosto.<br><br>Escola no Cruzeiro Novo (DF) passa por higieniza\u00e7\u00e3o antes das volta \u00e0s aulasS\u00e9rgio Lima\/Poder360 \u2013 30.jul.2020<br><br>O programa estipula tamb\u00e9m retomada gradual para os outros n\u00edveis de ensino. A educa\u00e7\u00e3o precoce e classes especiais, as \u00faltimas no planejamento, voltam com as atividades em 5 de outubro.<br><br>ENSINO REMOTO<br><br>Enquanto os alunos ficam em casa, as redes municipais seguem fornecendo conte\u00fados \u00e0 dist\u00e2ncia \u2013na maior parte dos casos, semanalmente. No Norte, os materiais s\u00e3o mais esparsos. A regi\u00e3o tem os maiores percentuais de atividades divulgadas quinzenalmente.<br><br>A informa\u00e7\u00e3o consta em estudo do Instituto Rui Barbosa e Iede (Interdisciplinaridade e Evid\u00eancias no Debate Educacional), realizado de maio a junho de 2020. Eis a \u00edntegra (5 MB).<\/p>\n","protected":false},"excerpt":{"rendered":"<p>Os estudantes das redes estaduais de ensino est\u00e3o h\u00e1 mais de 4 meses sem ir \u00e0 escola. N\u00e3o se sabe quando o panorama ir\u00e1 mudar&hellip; <\/p>\n","protected":false},"author":2,"featured_media":181842,"comment_status":"closed","ping_status":"closed","sticky":false,"template":"","format":"standard","meta":{"sfsi_plus_gutenberg_text_before_share":"","sfsi_plus_gutenberg_show_text_before_share":"","sfsi_plus_gutenberg_icon_type":"","sfsi_plus_gutenberg_icon_alignemt":"","sfsi_plus_gutenburg_max_per_row":"","footnotes":""},"categories":[14],"tags":[],"class_list":["post-181841","post","type-post","status-publish","format-standard","has-post-thumbnail","hentry","category-educacao"],"_links":{"self":[{"href":"https:\/\/www.caririemacao.com\/1\/wp-json\/wp\/v2\/posts\/181841","targetHints":{"allow":["GET"]}}],"collection":[{"href":"https:\/\/www.caririemacao.com\/1\/wp-json\/wp\/v2\/posts"}],"about":[{"href":"https:\/\/www.caririemacao.com\/1\/wp-json\/wp\/v2\/types\/post"}],"author":[{"embeddable":true,"href":"https:\/\/www.caririemacao.com\/1\/wp-json\/wp\/v2\/users\/2"}],"replies":[{"embeddable":true,"href":"https:\/\/www.caririemacao.com\/1\/wp-json\/wp\/v2\/comments?post=181841"}],"version-history":[{"count":1,"href":"https:\/\/www.caririemacao.com\/1\/wp-json\/wp\/v2\/posts\/181841\/revisions"}],"predecessor-version":[{"id":181843,"href":"https:\/\/www.caririemacao.com\/1\/wp-json\/wp\/v2\/posts\/181841\/revisions\/181843"}],"wp:featuredmedia":[{"embeddable":true,"href":"https:\/\/www.caririemacao.com\/1\/wp-json\/wp\/v2\/media\/181842"}],"wp:attachment":[{"href":"https:\/\/www.caririemacao.com\/1\/wp-json\/wp\/v2\/media?parent=181841"}],"wp:term":[{"taxonomy":"category","embeddable":true,"href":"https:\/\/www.caririemacao.com\/1\/wp-json\/wp\/v2\/categories?post=181841"},{"taxonomy":"post_tag","embeddable":true,"href":"https:\/\/www.caririemacao.com\/1\/wp-json\/wp\/v2\/tags?post=181841"}],"curies":[{"name":"wp","href":"https:\/\/api.w.org\/{rel}","templated":true}]}}