{"id":181845,"date":"2020-08-04T06:05:00","date_gmt":"2020-08-04T09:05:00","guid":{"rendered":"https:\/\/www.caririemacao.com\/1\/?p=181845"},"modified":"2020-08-04T06:05:00","modified_gmt":"2020-08-04T09:05:00","slug":"receita-lanca-atendimento-sobre-cpf-pelo-telegram","status":"publish","type":"post","link":"https:\/\/www.caririemacao.com\/1\/2020\/08\/04\/receita-lanca-atendimento-sobre-cpf-pelo-telegram\/","title":{"rendered":"Receita lan\u00e7a atendimento sobre CPF pelo Telegram"},"content":{"rendered":"\n<h2 class=\"wp-block-heading\"><\/h2>\n\n\n\n<p>A Receita Federal inaugura hoje (3) atendimento de servi\u00e7os relacionados ao CPF (Cadastro de Pessoas F\u00edsicas) pelo Telegram. Esse novo canal de atendimento utiliza tecnologia conhecida como&nbsp;<em>chatbot<\/em>, que realiza o atendimento virtual e simula uma conversa\u00e7\u00e3o por meio de&nbsp;<em>chat<\/em>.<img decoding=\"async\" data-src=\"https:\/\/agenciabrasil.ebc.com.br\/ebc.png?id=1312836&amp;o=node\" src=\"data:image\/svg+xml;base64,PHN2ZyB3aWR0aD0iMSIgaGVpZ2h0PSIxIiB4bWxucz0iaHR0cDovL3d3dy53My5vcmcvMjAwMC9zdmciPjwvc3ZnPg==\" class=\"lazyload\"><img decoding=\"async\" data-src=\"https:\/\/agenciabrasil.ebc.com.br\/ebc.gif?id=1312836&amp;o=node\" src=\"data:image\/svg+xml;base64,PHN2ZyB3aWR0aD0iMSIgaGVpZ2h0PSIxIiB4bWxucz0iaHR0cDovL3d3dy53My5vcmcvMjAwMC9zdmciPjwvc3ZnPg==\" class=\"lazyload\"><\/p>\n\n\n\n<p>Segundo a Receita, a iniciativa busca dar maior agilidade no atendimento ao cidad\u00e3o e contribui para evitar que as pessoas se desloquem para alguma unidade de atendimento presencial, preservando a sa\u00fade dos servidores e cidad\u00e3os, evitando a aglomera\u00e7\u00e3o e a propaga\u00e7\u00e3o do novo coronav\u00edrus.<\/p>\n\n\n\n<p>Para solicitar o servi\u00e7o, o contribuinte dever\u00e1 acessar o canal ReceitaFederalOficial, interagir com a ferramenta, enviando as informa\u00e7\u00f5es e documentos exigidos para que a Receita Federal fa\u00e7a a an\u00e1lise do pedido e conclua o atendimento.<\/p>\n\n\n\n<p>Est\u00e3o dispon\u00edveis no novo canal servi\u00e7os como:<\/p>\n\n\n\n<p>-Atualiza\u00e7\u00e3o\/altera\u00e7\u00e3o de dados e Regulariza\u00e7\u00e3o de CPF;<\/p>\n\n\n\n<p>-Segunda via de CPF;<\/p>\n\n\n\n<p>-Informa\u00e7\u00e3o do n\u00famero do CPF;<\/p>\n\n\n\n<p>-Consulta \u00e0 situa\u00e7\u00e3o cadastral; e<\/p>\n\n\n\n<p>-Consulta aus\u00eancia de DIRPF &#8211; Declara\u00e7\u00e3o do Imposto de Renda Pessoas F\u00edsicas (exerc\u00edcio omisso).<\/p>\n","protected":false},"excerpt":{"rendered":"<p>A Receita Federal inaugura hoje (3) atendimento de servi\u00e7os relacionados ao CPF (Cadastro de Pessoas F\u00edsicas) pelo Telegram. Esse novo canal de atendimento utiliza tecnologia&hellip; <\/p>\n","protected":false},"author":2,"featured_media":181846,"comment_status":"closed","ping_status":"closed","sticky":false,"template":"","format":"standard","meta":{"sfsi_plus_gutenberg_text_before_share":"","sfsi_plus_gutenberg_show_text_before_share":"","sfsi_plus_gutenberg_icon_type":"","sfsi_plus_gutenberg_icon_alignemt":"","sfsi_plus_gutenburg_max_per_row":"","footnotes":""},"categories":[50,2],"tags":[],"class_list":["post-181845","post","type-post","status-publish","format-standard","has-post-thumbnail","hentry","category-destaque","category-geral"],"_links":{"self":[{"href":"https:\/\/www.caririemacao.com\/1\/wp-json\/wp\/v2\/posts\/181845","targetHints":{"allow":["GET"]}}],"collection":[{"href":"https:\/\/www.caririemacao.com\/1\/wp-json\/wp\/v2\/posts"}],"about":[{"href":"https:\/\/www.caririemacao.com\/1\/wp-json\/wp\/v2\/types\/post"}],"author":[{"embeddable":true,"href":"https:\/\/www.caririemacao.com\/1\/wp-json\/wp\/v2\/users\/2"}],"replies":[{"embeddable":true,"href":"https:\/\/www.caririemacao.com\/1\/wp-json\/wp\/v2\/comments?post=181845"}],"version-history":[{"count":1,"href":"https:\/\/www.caririemacao.com\/1\/wp-json\/wp\/v2\/posts\/181845\/revisions"}],"predecessor-version":[{"id":181847,"href":"https:\/\/www.caririemacao.com\/1\/wp-json\/wp\/v2\/posts\/181845\/revisions\/181847"}],"wp:featuredmedia":[{"embeddable":true,"href":"https:\/\/www.caririemacao.com\/1\/wp-json\/wp\/v2\/media\/181846"}],"wp:attachment":[{"href":"https:\/\/www.caririemacao.com\/1\/wp-json\/wp\/v2\/media?parent=181845"}],"wp:term":[{"taxonomy":"category","embeddable":true,"href":"https:\/\/www.caririemacao.com\/1\/wp-json\/wp\/v2\/categories?post=181845"},{"taxonomy":"post_tag","embeddable":true,"href":"https:\/\/www.caririemacao.com\/1\/wp-json\/wp\/v2\/tags?post=181845"}],"curies":[{"name":"wp","href":"https:\/\/api.w.org\/{rel}","templated":true}]}}