{"id":181857,"date":"2020-08-04T06:18:01","date_gmt":"2020-08-04T09:18:01","guid":{"rendered":"https:\/\/www.caririemacao.com\/1\/?p=181857"},"modified":"2020-08-04T06:18:01","modified_gmt":"2020-08-04T09:18:01","slug":"vitimas-do-virus-e-da-falta-de-eficiencia-morrem-a-espera-de-leito","status":"publish","type":"post","link":"https:\/\/www.caririemacao.com\/1\/2020\/08\/04\/vitimas-do-virus-e-da-falta-de-eficiencia-morrem-a-espera-de-leito\/","title":{"rendered":"V\u00edtimas do v\u00edrus e da falta de efici\u00eancia morrem \u00e0 espera de leito"},"content":{"rendered":"\n<h1 class=\"wp-block-heading\"><\/h1>\n\n\n\n<p>Internado com covid-19 em uma UPA do Rio, Ant\u00f4nio conseguiu na Justi\u00e7a o direito de ser transferido para um leito de UTI. A liminar, por\u00e9m, n\u00e3o foi cumprida a tempo. O paciente morreu ap\u00f3s esperar dois dias pela transfer\u00eancia. A hist\u00f3ria n\u00e3o \u00e9 exce\u00e7\u00e3o. Somente no Estado do Rio, ao menos 730 pessoas morreram entre abril e junho sem suporte necess\u00e1rio, \u00e0 espera de um leito de enfermaria ou UTI, segundo a Defensoria P\u00fablica do Rio.<\/p>\n","protected":false},"excerpt":{"rendered":"<p>Internado com covid-19 em uma UPA do Rio, Ant\u00f4nio conseguiu na Justi\u00e7a o direito de ser transferido para um leito de UTI. A liminar, por\u00e9m,&hellip; <\/p>\n","protected":false},"author":2,"featured_media":181858,"comment_status":"closed","ping_status":"closed","sticky":false,"template":"","format":"standard","meta":{"sfsi_plus_gutenberg_text_before_share":"","sfsi_plus_gutenberg_show_text_before_share":"","sfsi_plus_gutenberg_icon_type":"","sfsi_plus_gutenberg_icon_alignemt":"","sfsi_plus_gutenburg_max_per_row":"","footnotes":""},"categories":[2],"tags":[],"class_list":["post-181857","post","type-post","status-publish","format-standard","has-post-thumbnail","hentry","category-geral"],"_links":{"self":[{"href":"https:\/\/www.caririemacao.com\/1\/wp-json\/wp\/v2\/posts\/181857","targetHints":{"allow":["GET"]}}],"collection":[{"href":"https:\/\/www.caririemacao.com\/1\/wp-json\/wp\/v2\/posts"}],"about":[{"href":"https:\/\/www.caririemacao.com\/1\/wp-json\/wp\/v2\/types\/post"}],"author":[{"embeddable":true,"href":"https:\/\/www.caririemacao.com\/1\/wp-json\/wp\/v2\/users\/2"}],"replies":[{"embeddable":true,"href":"https:\/\/www.caririemacao.com\/1\/wp-json\/wp\/v2\/comments?post=181857"}],"version-history":[{"count":1,"href":"https:\/\/www.caririemacao.com\/1\/wp-json\/wp\/v2\/posts\/181857\/revisions"}],"predecessor-version":[{"id":181859,"href":"https:\/\/www.caririemacao.com\/1\/wp-json\/wp\/v2\/posts\/181857\/revisions\/181859"}],"wp:featuredmedia":[{"embeddable":true,"href":"https:\/\/www.caririemacao.com\/1\/wp-json\/wp\/v2\/media\/181858"}],"wp:attachment":[{"href":"https:\/\/www.caririemacao.com\/1\/wp-json\/wp\/v2\/media?parent=181857"}],"wp:term":[{"taxonomy":"category","embeddable":true,"href":"https:\/\/www.caririemacao.com\/1\/wp-json\/wp\/v2\/categories?post=181857"},{"taxonomy":"post_tag","embeddable":true,"href":"https:\/\/www.caririemacao.com\/1\/wp-json\/wp\/v2\/tags?post=181857"}],"curies":[{"name":"wp","href":"https:\/\/api.w.org\/{rel}","templated":true}]}}