{"id":181865,"date":"2020-08-04T06:30:22","date_gmt":"2020-08-04T09:30:22","guid":{"rendered":"https:\/\/www.caririemacao.com\/1\/?p=181865"},"modified":"2020-08-04T06:30:22","modified_gmt":"2020-08-04T09:30:22","slug":"auxilio-emergencial-governo-ja-faz-as-contas-para-prorrogar-ate-o-fim-do-ano","status":"publish","type":"post","link":"https:\/\/www.caririemacao.com\/1\/2020\/08\/04\/auxilio-emergencial-governo-ja-faz-as-contas-para-prorrogar-ate-o-fim-do-ano\/","title":{"rendered":"Aux\u00edlio emergencial: governo j\u00e1 faz as contas para prorrogar at\u00e9 o fim do ano"},"content":{"rendered":"\n<h1 class=\"wp-block-heading\"><\/h1>\n\n\n\n<p>O aux\u00edlio emergencial j\u00e1 demanda R$ 254,2 bilh\u00f5es e representa a medida mais cara do pacote anticrise. O programa foi criado para durar apenas tr\u00eas meses, com valores concedidos em abril, maio e junho. Depois, foi prorrogado por dois meses (at\u00e9 agosto).<\/p>\n\n\n\n<p>A equipe econ\u00f4mica sempre defendeu que a medida fosse tempor\u00e1ria e n\u00e3o se prolongasse, mas a partir de maio amenizou o discurso e passou a admitir extens\u00f5es (embora defendendo valores menores).<\/p>\n\n\n\n<p>O ministro Paulo Guedes (Economia) defende um valor de R$ 200. Ele entende que esse valor representa aproximadamente a m\u00e9dia recebida no Bolsa Fam\u00edlia, e que portanto o aux\u00edlio n\u00e3o poderia ser maior do que isso.<\/p>\n\n\n\n<p>No entanto, Guedes j\u00e1 defendia uma redu\u00e7\u00e3o para R$ 200 em maio caso a medida fosse prorrogada, e o governo estendeu o aux\u00edlio por mais dois meses mantendo a quantia de R$ 600.<\/p>\n\n\n\n<p>A prorroga\u00e7\u00e3o do benef\u00edcio pelo valor de R$ 600 dispensa um novo aval (e poss\u00edvel derrota) no Congresso. Isso porque o texto que o criou permite a extens\u00e3o por ato do Executivo, mas mantendo os valores previstos na proposta (de R$ 600 ao m\u00eas).<\/p>\n\n\n\n<p>Desde que foi desenhado, para durar tr\u00eas meses, o aux\u00edlio emergencial \u00e9 alvo de interesse no mundo pol\u00edtico, principalmente em torno dos valores concedidos. O valor de R$ 600 s\u00f3 foi alcan\u00e7ado ap\u00f3s embates entre Executivo e Legislativo durante a formata\u00e7\u00e3o da proposta.<\/p>\n\n\n\n<p>Guedes prop\u00f4s inicialmente uma quantia de R$ 200 e o Congresso pressionou por uma eleva\u00e7\u00e3o para R$ 500. Depois, o governo elevou para R$ 600 para ficar com a paternidade do valor concedido.<\/p>\n\n\n\n<p>Apesar disso, Guedes considera que a disputa prejudicou o formato do aux\u00edlio, porque a medida poderia durar mais se tivesse um valor mais baixo.<\/p>\n","protected":false},"excerpt":{"rendered":"<p>O aux\u00edlio emergencial j\u00e1 demanda R$ 254,2 bilh\u00f5es e representa a medida mais cara do pacote anticrise. O programa foi criado para durar apenas tr\u00eas&hellip; <\/p>\n","protected":false},"author":2,"featured_media":181866,"comment_status":"closed","ping_status":"closed","sticky":false,"template":"","format":"standard","meta":{"sfsi_plus_gutenberg_text_before_share":"","sfsi_plus_gutenberg_show_text_before_share":"","sfsi_plus_gutenberg_icon_type":"","sfsi_plus_gutenberg_icon_alignemt":"","sfsi_plus_gutenburg_max_per_row":"","footnotes":""},"categories":[50,2],"tags":[],"class_list":["post-181865","post","type-post","status-publish","format-standard","has-post-thumbnail","hentry","category-destaque","category-geral"],"_links":{"self":[{"href":"https:\/\/www.caririemacao.com\/1\/wp-json\/wp\/v2\/posts\/181865","targetHints":{"allow":["GET"]}}],"collection":[{"href":"https:\/\/www.caririemacao.com\/1\/wp-json\/wp\/v2\/posts"}],"about":[{"href":"https:\/\/www.caririemacao.com\/1\/wp-json\/wp\/v2\/types\/post"}],"author":[{"embeddable":true,"href":"https:\/\/www.caririemacao.com\/1\/wp-json\/wp\/v2\/users\/2"}],"replies":[{"embeddable":true,"href":"https:\/\/www.caririemacao.com\/1\/wp-json\/wp\/v2\/comments?post=181865"}],"version-history":[{"count":1,"href":"https:\/\/www.caririemacao.com\/1\/wp-json\/wp\/v2\/posts\/181865\/revisions"}],"predecessor-version":[{"id":181867,"href":"https:\/\/www.caririemacao.com\/1\/wp-json\/wp\/v2\/posts\/181865\/revisions\/181867"}],"wp:featuredmedia":[{"embeddable":true,"href":"https:\/\/www.caririemacao.com\/1\/wp-json\/wp\/v2\/media\/181866"}],"wp:attachment":[{"href":"https:\/\/www.caririemacao.com\/1\/wp-json\/wp\/v2\/media?parent=181865"}],"wp:term":[{"taxonomy":"category","embeddable":true,"href":"https:\/\/www.caririemacao.com\/1\/wp-json\/wp\/v2\/categories?post=181865"},{"taxonomy":"post_tag","embeddable":true,"href":"https:\/\/www.caririemacao.com\/1\/wp-json\/wp\/v2\/tags?post=181865"}],"curies":[{"name":"wp","href":"https:\/\/api.w.org\/{rel}","templated":true}]}}