{"id":181873,"date":"2020-08-04T06:39:07","date_gmt":"2020-08-04T09:39:07","guid":{"rendered":"https:\/\/www.caririemacao.com\/1\/?p=181873"},"modified":"2020-08-04T06:39:07","modified_gmt":"2020-08-04T09:39:07","slug":"conheca-as-cidades-da-paraiba-onde-mais-choveu-em-julho","status":"publish","type":"post","link":"https:\/\/www.caririemacao.com\/1\/2020\/08\/04\/conheca-as-cidades-da-paraiba-onde-mais-choveu-em-julho\/","title":{"rendered":"Conhe\u00e7a as cidades da Para\u00edba onde mais choveu em julho"},"content":{"rendered":"\n<h1 class=\"wp-block-heading\"><\/h1>\n\n\n\n<p>A cidade do Conde foi a cidade onde mais choveu no m\u00eas de julho, na Para\u00edba. Segundo levantamento feito pela Ag\u00eancia Executiva de Gest\u00e3o das \u00c1guas do Estado (Aesa), no m\u00eas passado, foram registrados 321,6 mil\u00edmetros no munic\u00edpio localizado no litoral sul.<\/p>\n\n\n\n<p>Tamb\u00e9m foram anotadas chuvas acima dos 300 mil\u00edmetros em Lucena (316,2 mm ) e Ba\u00eda da Trai\u00e7\u00e3o (303,1 mm).<\/p>\n\n\n\n<p>No acumulado do ano, a cidade do Conde tem o quarto maior \u00edndice pluviom\u00e9trico, com 1.688,2 mil\u00edmetros. Jo\u00e3o Pessoa lidera o ranking das chuvas 2020 com 1.953,2 mil\u00edmetros, seguida por Lucena (1.909,7 mm) e Ba\u00eda da Trai\u00e7\u00e3o (1.752,8 mm).<\/p>\n\n\n\n<p>\u201cComo esper\u00e1vamos, as chuvas est\u00e3o sendo acima da m\u00e9dia hist\u00f3rica. A m\u00e9dia anual da capital \u00e9 de 1.845,4 mil\u00edmetros, ou seja, Jo\u00e3o Pessoa j\u00e1 ultrapassou em 6% e ainda estamos no m\u00eas agosto.<\/p>\n\n\n\n<p>A situa\u00e7\u00e3o de Lucena \u00e9 semelhante: a m\u00e9dia anual \u00e9 de 1.653,3 e l\u00e1 j\u00e1 choveu 15,5% acima deste valor\u201d, explicou a meteorologista da Aesa, Marle Bandeira.<\/p>\n\n\n\n<p>A previs\u00e3o para as cidades do litoral na tarde e noite desta segunda-feira (03) \u00e9 de tempo nublado.<\/p>\n\n\n\n<p>\u201cO deslocamento de umidade nos baixos n\u00edveis da atmosfera se deslocando do oceano em dire\u00e7\u00e3o \u00e0 costa paraibana, deixam o tempo com nebulosidade vari\u00e1vel favorecendo a ocorr\u00eancia de chuvas r\u00e1pidas e pontuais no setor leste. Nos demais, o tempo dever\u00e1 permanecer parcialmente nublado\u201d, informou a meteorologista Carmem Becker no boletim meteorol\u00f3gico emitido diariamente pela Aesa.<\/p>\n","protected":false},"excerpt":{"rendered":"<p>A cidade do Conde foi a cidade onde mais choveu no m\u00eas de julho, na Para\u00edba. Segundo levantamento feito pela Ag\u00eancia Executiva de Gest\u00e3o das&hellip; <\/p>\n","protected":false},"author":2,"featured_media":181874,"comment_status":"closed","ping_status":"closed","sticky":false,"template":"","format":"standard","meta":{"sfsi_plus_gutenberg_text_before_share":"","sfsi_plus_gutenberg_show_text_before_share":"","sfsi_plus_gutenberg_icon_type":"","sfsi_plus_gutenberg_icon_alignemt":"","sfsi_plus_gutenburg_max_per_row":"","footnotes":""},"categories":[2],"tags":[],"class_list":["post-181873","post","type-post","status-publish","format-standard","has-post-thumbnail","hentry","category-geral"],"_links":{"self":[{"href":"https:\/\/www.caririemacao.com\/1\/wp-json\/wp\/v2\/posts\/181873","targetHints":{"allow":["GET"]}}],"collection":[{"href":"https:\/\/www.caririemacao.com\/1\/wp-json\/wp\/v2\/posts"}],"about":[{"href":"https:\/\/www.caririemacao.com\/1\/wp-json\/wp\/v2\/types\/post"}],"author":[{"embeddable":true,"href":"https:\/\/www.caririemacao.com\/1\/wp-json\/wp\/v2\/users\/2"}],"replies":[{"embeddable":true,"href":"https:\/\/www.caririemacao.com\/1\/wp-json\/wp\/v2\/comments?post=181873"}],"version-history":[{"count":1,"href":"https:\/\/www.caririemacao.com\/1\/wp-json\/wp\/v2\/posts\/181873\/revisions"}],"predecessor-version":[{"id":181875,"href":"https:\/\/www.caririemacao.com\/1\/wp-json\/wp\/v2\/posts\/181873\/revisions\/181875"}],"wp:featuredmedia":[{"embeddable":true,"href":"https:\/\/www.caririemacao.com\/1\/wp-json\/wp\/v2\/media\/181874"}],"wp:attachment":[{"href":"https:\/\/www.caririemacao.com\/1\/wp-json\/wp\/v2\/media?parent=181873"}],"wp:term":[{"taxonomy":"category","embeddable":true,"href":"https:\/\/www.caririemacao.com\/1\/wp-json\/wp\/v2\/categories?post=181873"},{"taxonomy":"post_tag","embeddable":true,"href":"https:\/\/www.caririemacao.com\/1\/wp-json\/wp\/v2\/tags?post=181873"}],"curies":[{"name":"wp","href":"https:\/\/api.w.org\/{rel}","templated":true}]}}