{"id":181877,"date":"2020-08-04T06:42:33","date_gmt":"2020-08-04T09:42:33","guid":{"rendered":"https:\/\/www.caririemacao.com\/1\/?p=181877"},"modified":"2020-08-04T06:42:33","modified_gmt":"2020-08-04T09:42:33","slug":"joao-azevedo-anuncia-pagamento-da-primeira-parcela-do-13o-salario-dos-servidores-da-ativa-para-dia-14-agosto","status":"publish","type":"post","link":"https:\/\/www.caririemacao.com\/1\/2020\/08\/04\/joao-azevedo-anuncia-pagamento-da-primeira-parcela-do-13o-salario-dos-servidores-da-ativa-para-dia-14-agosto\/","title":{"rendered":"Jo\u00e3o Azev\u00eado anuncia pagamento da primeira parcela do 13\u00ba sal\u00e1rio dos servidores da ativa para dia 14 agosto"},"content":{"rendered":"\n<h1 class=\"wp-block-heading\"><\/h1>\n\n\n\n<p>O pagamento da primeira parcela do d\u00e9cimo terceiro sal\u00e1rio dos servidores da ativa do Governo do Estado ser\u00e1 efetuado no pr\u00f3ximo dia 14. O an\u00fancio foi feito pelo governador Jo\u00e3o Azev\u00eado, nesta segunda-feira (3), durante a estreia das plen\u00e1rias virtuais do Or\u00e7amento Democr\u00e1tico Estadual (ODE) 2020.&nbsp;<\/p>\n\n\n\n<p>O Governo da Para\u00edba j\u00e1 havia antecipado no m\u00eas de junho o pagamento da primeira parcela do d\u00e9cimo terceiro para os aposentados, pensionistas e reformados.<\/p>\n\n\n\n<p>O chefe do Executivo estadual ressaltou que, apesar da crise econ\u00f4mica provocada pela pandemia do coronav\u00edrus, a gest\u00e3o estadual tem assegurado o pagamento do funcionalismo p\u00fablico dentro do m\u00eas trabalhado e destacou o trabalho da equipe econ\u00f4mica, que garantiu o pagamento da primeira parcela do d\u00e9cimo terceiro dos servidores da ativa em um \u00fanico m\u00eas.&nbsp;<\/p>\n\n\n\n<p>Ainda segundo o gestor, a segunda parcela do d\u00e9cimo terceiro ser\u00e1 efetuada no m\u00eas de dezembro.<\/p>\n","protected":false},"excerpt":{"rendered":"<p>O pagamento da primeira parcela do d\u00e9cimo terceiro sal\u00e1rio dos servidores da ativa do Governo do Estado ser\u00e1 efetuado no pr\u00f3ximo dia 14. O an\u00fancio&hellip; <\/p>\n","protected":false},"author":2,"featured_media":181878,"comment_status":"closed","ping_status":"closed","sticky":false,"template":"","format":"standard","meta":{"sfsi_plus_gutenberg_text_before_share":"","sfsi_plus_gutenberg_show_text_before_share":"","sfsi_plus_gutenberg_icon_type":"","sfsi_plus_gutenberg_icon_alignemt":"","sfsi_plus_gutenburg_max_per_row":"","footnotes":""},"categories":[2],"tags":[],"class_list":["post-181877","post","type-post","status-publish","format-standard","has-post-thumbnail","hentry","category-geral"],"_links":{"self":[{"href":"https:\/\/www.caririemacao.com\/1\/wp-json\/wp\/v2\/posts\/181877","targetHints":{"allow":["GET"]}}],"collection":[{"href":"https:\/\/www.caririemacao.com\/1\/wp-json\/wp\/v2\/posts"}],"about":[{"href":"https:\/\/www.caririemacao.com\/1\/wp-json\/wp\/v2\/types\/post"}],"author":[{"embeddable":true,"href":"https:\/\/www.caririemacao.com\/1\/wp-json\/wp\/v2\/users\/2"}],"replies":[{"embeddable":true,"href":"https:\/\/www.caririemacao.com\/1\/wp-json\/wp\/v2\/comments?post=181877"}],"version-history":[{"count":1,"href":"https:\/\/www.caririemacao.com\/1\/wp-json\/wp\/v2\/posts\/181877\/revisions"}],"predecessor-version":[{"id":181879,"href":"https:\/\/www.caririemacao.com\/1\/wp-json\/wp\/v2\/posts\/181877\/revisions\/181879"}],"wp:featuredmedia":[{"embeddable":true,"href":"https:\/\/www.caririemacao.com\/1\/wp-json\/wp\/v2\/media\/181878"}],"wp:attachment":[{"href":"https:\/\/www.caririemacao.com\/1\/wp-json\/wp\/v2\/media?parent=181877"}],"wp:term":[{"taxonomy":"category","embeddable":true,"href":"https:\/\/www.caririemacao.com\/1\/wp-json\/wp\/v2\/categories?post=181877"},{"taxonomy":"post_tag","embeddable":true,"href":"https:\/\/www.caririemacao.com\/1\/wp-json\/wp\/v2\/tags?post=181877"}],"curies":[{"name":"wp","href":"https:\/\/api.w.org\/{rel}","templated":true}]}}