{"id":181893,"date":"2020-08-04T08:05:53","date_gmt":"2020-08-04T11:05:53","guid":{"rendered":"https:\/\/www.caririemacao.com\/1\/?p=181893"},"modified":"2020-08-04T08:05:53","modified_gmt":"2020-08-04T11:05:53","slug":"funcionarios-dos-correios-convocam-greve-geral-para-dia-18","status":"publish","type":"post","link":"https:\/\/www.caririemacao.com\/1\/2020\/08\/04\/funcionarios-dos-correios-convocam-greve-geral-para-dia-18\/","title":{"rendered":"Funcion\u00e1rios dos Correios convocam greve geral para dia 18"},"content":{"rendered":"\n<h1 class=\"wp-block-heading\"><\/h1>\n\n\n\n<p>Funcion\u00e1rios dos Correios afirmam que devem entrar em greve no pr\u00f3ximo dia 18, alegando que tiveram 70 direitos revogados, como 30% do adicional de risco, vale-alimenta\u00e7\u00e3o e aux\u00edlio-creche. De acordo com a Federa\u00e7\u00e3o Nacional dos Trabalhadores em Empresas de Correios e Tel\u00e9grafos e Similares (Fentect), a categoria entrou em estado de greve e vai realizar assembleias regionais no dia 17 para confirmar a paralisa\u00e7\u00e3o.<\/p>\n\n\n\n<p>Em nota publicada em seu site, a federa\u00e7\u00e3o aponta que os Correios desrespeitaram um acordo coletivo vigente at\u00e9 2021, e que funcion\u00e1rios receberam o contracheque de agosto com descontos indevidos.<\/p>\n\n\n\n<p>A Fentect ainda afirma que houve aumento na participa\u00e7\u00e3o dos planos de sa\u00fade, enquanto houve redu\u00e7\u00e3o da parte da empresa, algo incompat\u00edvel com a m\u00e9dia do piso salarial dos funcion\u00e1rios, de R$ 1,7 mil.<\/p>\n\n\n\n<p>Al\u00e9m disso, a federa\u00e7\u00e3o afirma que h\u00e1 &#8220;descaso e neglig\u00eancia da empresa com a vida de trabalhadores e clientes&#8221; durante a pandemia. De acordo com a publica\u00e7\u00e3o, os sindicatos est\u00e3o travando diversas disputas judiciais para itens de seguran\u00e7a, como sabonete, \u00e1lcool em gel, desinfec\u00e7\u00e3o de ag\u00eancias e testagem de trabalhadores.<\/p>\n\n\n\n<p>O sindicato tamb\u00e9m diz que os Correios se negam a fornecer os dados de funcion\u00e1rios e terceirizados infectados pela covid-19 e a quantidade de \u00f3bitos pela doen\u00e7a.<\/p>\n","protected":false},"excerpt":{"rendered":"<p>Funcion\u00e1rios dos Correios afirmam que devem entrar em greve no pr\u00f3ximo dia 18, alegando que tiveram 70 direitos revogados, como 30% do adicional de risco,&hellip; <\/p>\n","protected":false},"author":2,"featured_media":181894,"comment_status":"closed","ping_status":"closed","sticky":false,"template":"","format":"standard","meta":{"sfsi_plus_gutenberg_text_before_share":"","sfsi_plus_gutenberg_show_text_before_share":"","sfsi_plus_gutenberg_icon_type":"","sfsi_plus_gutenberg_icon_alignemt":"","sfsi_plus_gutenburg_max_per_row":"","footnotes":""},"categories":[2],"tags":[],"class_list":["post-181893","post","type-post","status-publish","format-standard","has-post-thumbnail","hentry","category-geral"],"_links":{"self":[{"href":"https:\/\/www.caririemacao.com\/1\/wp-json\/wp\/v2\/posts\/181893","targetHints":{"allow":["GET"]}}],"collection":[{"href":"https:\/\/www.caririemacao.com\/1\/wp-json\/wp\/v2\/posts"}],"about":[{"href":"https:\/\/www.caririemacao.com\/1\/wp-json\/wp\/v2\/types\/post"}],"author":[{"embeddable":true,"href":"https:\/\/www.caririemacao.com\/1\/wp-json\/wp\/v2\/users\/2"}],"replies":[{"embeddable":true,"href":"https:\/\/www.caririemacao.com\/1\/wp-json\/wp\/v2\/comments?post=181893"}],"version-history":[{"count":1,"href":"https:\/\/www.caririemacao.com\/1\/wp-json\/wp\/v2\/posts\/181893\/revisions"}],"predecessor-version":[{"id":181895,"href":"https:\/\/www.caririemacao.com\/1\/wp-json\/wp\/v2\/posts\/181893\/revisions\/181895"}],"wp:featuredmedia":[{"embeddable":true,"href":"https:\/\/www.caririemacao.com\/1\/wp-json\/wp\/v2\/media\/181894"}],"wp:attachment":[{"href":"https:\/\/www.caririemacao.com\/1\/wp-json\/wp\/v2\/media?parent=181893"}],"wp:term":[{"taxonomy":"category","embeddable":true,"href":"https:\/\/www.caririemacao.com\/1\/wp-json\/wp\/v2\/categories?post=181893"},{"taxonomy":"post_tag","embeddable":true,"href":"https:\/\/www.caririemacao.com\/1\/wp-json\/wp\/v2\/tags?post=181893"}],"curies":[{"name":"wp","href":"https:\/\/api.w.org\/{rel}","templated":true}]}}