{"id":181897,"date":"2020-08-04T08:10:10","date_gmt":"2020-08-04T11:10:10","guid":{"rendered":"https:\/\/www.caririemacao.com\/1\/?p=181897"},"modified":"2020-08-04T08:10:10","modified_gmt":"2020-08-04T11:10:10","slug":"prf-recupera-veiculo-roubado-em-pernambuco-que-circulava-com-placas-clonadas-na-paraiba","status":"publish","type":"post","link":"https:\/\/www.caririemacao.com\/1\/2020\/08\/04\/prf-recupera-veiculo-roubado-em-pernambuco-que-circulava-com-placas-clonadas-na-paraiba\/","title":{"rendered":"PRF recupera ve\u00edculo roubado em Pernambuco que circulava com placas clonadas na Para\u00edba"},"content":{"rendered":"\n<h1 class=\"wp-block-heading\"><\/h1>\n\n\n\n<p>A Pol\u00edcia Rodovi\u00e1ria Federal na Para\u00edba recuperou, na manh\u00e3 desta segunda-feira (3),&nbsp; um ve\u00edculo roubado que estava circulando com placas clonadas. A abordagem ocorreu no munic\u00edpio de Sobrado, localizado a 40 km de Jo\u00e3o Pessoa.<\/p>\n\n\n\n<p>A abordagem ocorreu na BR 230, Km 69, na Unidade Operacional de Caf\u00e9 do Vento. O ve\u00edculo era um modelo Ford Ecosport. Apesar de n\u00e3o haver nenhuma ocorr\u00eancia de roubo ou furto para o ve\u00edculo ao se realizar a consulta pela placa aparente, os policiais constataram v\u00e1rios ind\u00edcios de adultera\u00e7\u00e3o ao ser realizada uma fiscaliza\u00e7\u00e3o minuciosa nos elementos de identifica\u00e7\u00e3o veicular e descobriram que na verdade o autom\u00f3vel foi roubado no Recife, em junho de 2019.<\/p>\n\n\n\n<p>O condutor do autom\u00f3vel, um homem de 33 anos, \u00e9 servidor p\u00fablico em Alagoas e n\u00e3o quis comentar sobre como adquiriu o ve\u00edculo. Ele foi detido, conduzido \u00e0 Pol\u00edcia Civil e dever\u00e1 responder pelo crime de recepta\u00e7\u00e3o de ve\u00edculo roubado.<\/p>\n\n\n\n<p>Apenas este ano foram recuperados 281 ve\u00edculos com ocorr\u00eancia de roubo ou furto, sendo que 203 eram clonados, o que representa 72% das ocorr\u00eancias.&nbsp; Aqueles motoristas que estiverem recebendo notifica\u00e7\u00f5es de tr\u00e2nsito em lugares que nunca circularam devem procurar a pol\u00edcia pois o seu ve\u00edculo pode ter sido clonado. Outra dica \u00e9 que ao comprar um ve\u00edculo usado \u00e9 importante conhecer a proced\u00eancia do autom\u00f3vel, n\u00e3o acreditar em ofertas tentadoras e sempre realizar a transfer\u00eancia do ve\u00edculo.<\/p>\n","protected":false},"excerpt":{"rendered":"<p>A Pol\u00edcia Rodovi\u00e1ria Federal na Para\u00edba recuperou, na manh\u00e3 desta segunda-feira (3),&nbsp; um ve\u00edculo roubado que estava circulando com placas clonadas. A abordagem ocorreu no&hellip; <\/p>\n","protected":false},"author":2,"featured_media":181898,"comment_status":"closed","ping_status":"closed","sticky":false,"template":"","format":"standard","meta":{"sfsi_plus_gutenberg_text_before_share":"","sfsi_plus_gutenberg_show_text_before_share":"","sfsi_plus_gutenberg_icon_type":"","sfsi_plus_gutenberg_icon_alignemt":"","sfsi_plus_gutenburg_max_per_row":"","footnotes":""},"categories":[12],"tags":[],"class_list":["post-181897","post","type-post","status-publish","format-standard","has-post-thumbnail","hentry","category-policia"],"_links":{"self":[{"href":"https:\/\/www.caririemacao.com\/1\/wp-json\/wp\/v2\/posts\/181897","targetHints":{"allow":["GET"]}}],"collection":[{"href":"https:\/\/www.caririemacao.com\/1\/wp-json\/wp\/v2\/posts"}],"about":[{"href":"https:\/\/www.caririemacao.com\/1\/wp-json\/wp\/v2\/types\/post"}],"author":[{"embeddable":true,"href":"https:\/\/www.caririemacao.com\/1\/wp-json\/wp\/v2\/users\/2"}],"replies":[{"embeddable":true,"href":"https:\/\/www.caririemacao.com\/1\/wp-json\/wp\/v2\/comments?post=181897"}],"version-history":[{"count":1,"href":"https:\/\/www.caririemacao.com\/1\/wp-json\/wp\/v2\/posts\/181897\/revisions"}],"predecessor-version":[{"id":181899,"href":"https:\/\/www.caririemacao.com\/1\/wp-json\/wp\/v2\/posts\/181897\/revisions\/181899"}],"wp:featuredmedia":[{"embeddable":true,"href":"https:\/\/www.caririemacao.com\/1\/wp-json\/wp\/v2\/media\/181898"}],"wp:attachment":[{"href":"https:\/\/www.caririemacao.com\/1\/wp-json\/wp\/v2\/media?parent=181897"}],"wp:term":[{"taxonomy":"category","embeddable":true,"href":"https:\/\/www.caririemacao.com\/1\/wp-json\/wp\/v2\/categories?post=181897"},{"taxonomy":"post_tag","embeddable":true,"href":"https:\/\/www.caririemacao.com\/1\/wp-json\/wp\/v2\/tags?post=181897"}],"curies":[{"name":"wp","href":"https:\/\/api.w.org\/{rel}","templated":true}]}}