{"id":181901,"date":"2020-08-04T08:14:50","date_gmt":"2020-08-04T11:14:50","guid":{"rendered":"https:\/\/www.caririemacao.com\/1\/?p=181901"},"modified":"2020-08-04T08:14:50","modified_gmt":"2020-08-04T11:14:50","slug":"defesa-de-ricardo-coutinho-diz-que-a-calvario-quer-confundir-populacao-nao-encontraram-r-1-nao-compativel-com-a-sua-renda","status":"publish","type":"post","link":"https:\/\/www.caririemacao.com\/1\/2020\/08\/04\/defesa-de-ricardo-coutinho-diz-que-a-calvario-quer-confundir-populacao-nao-encontraram-r-1-nao-compativel-com-a-sua-renda\/","title":{"rendered":"Defesa de Ricardo Coutinho diz que a Calv\u00e1rio quer confundir popula\u00e7\u00e3o: \u201cN\u00e3o encontraram R$ 1 n\u00e3o compat\u00edvel com a sua renda\u201d"},"content":{"rendered":"\n<h3 class=\"wp-block-heading\"><\/h3>\n\n\n\n<hr class=\"wp-block-separator\"\/>\n\n\n\n<p>A defesa do governador Ricardo Coutinho (PSB) se pronunciou, na tarde desta segunda-feira (3), ap\u00f3s o desembargador Ricardo Vital, relator da Opera\u00e7\u00e3o Calv\u00e1rio no Tribunal de Justi\u00e7a da Para\u00edba (TJPB), decretar o sequestro de R$ 134,2 milh\u00f5es de 30 denunciados na Opera\u00e7\u00e3o, inclu\u00eddo o ex-governador.<\/p>\n\n\n\n<p><strong><a href=\"https:\/\/wscom.com.br\/desembargador-determina-sequestro-de-mais-de-r-134-milhoes-em-bens-de-rc-e-outros-29-investigados-na-operacao-calvario\/\" target=\"_blank\" rel=\"noreferrer noopener\">Leia mais: Desembargador determina sequestro de mais de R$ 134 milh\u00f5es em bens de RC e outros 29 investigados na Opera\u00e7\u00e3o Calv\u00e1rio<\/a><\/strong><\/p>\n\n\n\n<p>Os advogados Eduardo Cavalcanti e Igor Suassuna disseram que n\u00e3o tiveram acesso aos autos do processo para se manifestar. Eles relataram que a Opera\u00e7\u00e3o Calv\u00e1rio tem sofrido derrotas nas inst\u00e2ncias superiores e tem o \u2018objetivo de confundir a cabe\u00e7a da popula\u00e7\u00e3o\u2019.<\/p>\n\n\n\n<p>\u201cJamais encontraram R$ 1 real de Ricardo Coutinho que n\u00e3o fosse compat\u00edvel com a sua renda e com seu hist\u00f3rico\u201d, diz trecho da nota.<\/p>\n\n\n\n<p>Leia:<\/p>\n\n\n\n<p><em>\u201cMesmo ap\u00f3s as diversas ordens de bloqueio, buscas e apreens\u00f5es e quebras de sigilo banc\u00e1rio e fiscal que foram realizadas, jamais encontraram R$ 1 real de Ricardo Coutinho que n\u00e3o fosse compat\u00edvel com a sua renda e com seu hist\u00f3rico de vida p\u00fablica.<\/em><\/p>\n\n\n\n<p><em>A Opera\u00e7\u00e3o Calv\u00e1rio, desde os seus prim\u00f3rdios, vem sofrendo derrotas nas inst\u00e2ncias superiores, e, por isso, o Minist\u00e9rio P\u00fablico tem lan\u00e7ado m\u00e3o de pedidos requentados, sem fatos novos, com o n\u00edtido intuito de confundir a cabe\u00e7a da popula\u00e7\u00e3o, especialmente no momento em que o ex-governador lidera todas pesquisas eleitorais para a Prefeitura de Jo\u00e3o Pessoa.<\/em><\/p>\n\n\n\n<p><em>A defesa repudia ainda, com veem\u00eancia, o fato de n\u00e3o ter tido o direito de acessar os autos do processo para se manifestar, n\u00e3o obstante as in\u00fameras tentativas perante o Tribunal de Justi\u00e7a e apesar da \u00edntegra da decis\u00e3o j\u00e1 estar circulando em diversos ve\u00edculos de imprensa desde o in\u00edcio da manh\u00e3 de hoje.<\/em><\/p>\n","protected":false},"excerpt":{"rendered":"<p>A defesa do governador Ricardo Coutinho (PSB) se pronunciou, na tarde desta segunda-feira (3), ap\u00f3s o desembargador Ricardo Vital, relator da Opera\u00e7\u00e3o Calv\u00e1rio no Tribunal&hellip; <\/p>\n","protected":false},"author":2,"featured_media":181902,"comment_status":"closed","ping_status":"closed","sticky":false,"template":"","format":"standard","meta":{"sfsi_plus_gutenberg_text_before_share":"","sfsi_plus_gutenberg_show_text_before_share":"","sfsi_plus_gutenberg_icon_type":"","sfsi_plus_gutenberg_icon_alignemt":"","sfsi_plus_gutenburg_max_per_row":"","footnotes":""},"categories":[2],"tags":[],"class_list":["post-181901","post","type-post","status-publish","format-standard","has-post-thumbnail","hentry","category-geral"],"_links":{"self":[{"href":"https:\/\/www.caririemacao.com\/1\/wp-json\/wp\/v2\/posts\/181901","targetHints":{"allow":["GET"]}}],"collection":[{"href":"https:\/\/www.caririemacao.com\/1\/wp-json\/wp\/v2\/posts"}],"about":[{"href":"https:\/\/www.caririemacao.com\/1\/wp-json\/wp\/v2\/types\/post"}],"author":[{"embeddable":true,"href":"https:\/\/www.caririemacao.com\/1\/wp-json\/wp\/v2\/users\/2"}],"replies":[{"embeddable":true,"href":"https:\/\/www.caririemacao.com\/1\/wp-json\/wp\/v2\/comments?post=181901"}],"version-history":[{"count":1,"href":"https:\/\/www.caririemacao.com\/1\/wp-json\/wp\/v2\/posts\/181901\/revisions"}],"predecessor-version":[{"id":181903,"href":"https:\/\/www.caririemacao.com\/1\/wp-json\/wp\/v2\/posts\/181901\/revisions\/181903"}],"wp:featuredmedia":[{"embeddable":true,"href":"https:\/\/www.caririemacao.com\/1\/wp-json\/wp\/v2\/media\/181902"}],"wp:attachment":[{"href":"https:\/\/www.caririemacao.com\/1\/wp-json\/wp\/v2\/media?parent=181901"}],"wp:term":[{"taxonomy":"category","embeddable":true,"href":"https:\/\/www.caririemacao.com\/1\/wp-json\/wp\/v2\/categories?post=181901"},{"taxonomy":"post_tag","embeddable":true,"href":"https:\/\/www.caririemacao.com\/1\/wp-json\/wp\/v2\/tags?post=181901"}],"curies":[{"name":"wp","href":"https:\/\/api.w.org\/{rel}","templated":true}]}}