{"id":181905,"date":"2020-08-04T08:19:01","date_gmt":"2020-08-04T11:19:01","guid":{"rendered":"https:\/\/www.caririemacao.com\/1\/?p=181905"},"modified":"2020-08-04T08:19:01","modified_gmt":"2020-08-04T11:19:01","slug":"pgr-vai-recorrer-da-decisao-de-fachin-para-ter-acesso-aos-dados-da-lava-jato","status":"publish","type":"post","link":"https:\/\/www.caririemacao.com\/1\/2020\/08\/04\/pgr-vai-recorrer-da-decisao-de-fachin-para-ter-acesso-aos-dados-da-lava-jato\/","title":{"rendered":"PGR vai recorrer da decis\u00e3o de Fachin para ter acesso aos dados da Lava Jato"},"content":{"rendered":"\n<p><\/p>\n\n\n\n<h3 class=\"wp-block-heading\"><\/h3>\n\n\n\n<hr class=\"wp-block-separator\"\/>\n\n\n\n<p><ins><\/ins><\/p>\n\n\n\n<p>A Procuradoria-Geral da Rep\u00fablica (PGR) vai recorrer da decis\u00e3o do ministro Edson Fachin e vai insistir no compartilhamento de dados do \u00f3rg\u00e3o com a for\u00e7a-tarefa da opera\u00e7\u00e3o Lava Jato em Bras\u00edlia. Segundo assessores de Augusto Aras, a PGR deve recorrer da decis\u00e3o ainda nesta segunda-feira (3).<\/p>\n\n\n\n<p><strong><a href=\"https:\/\/wscom.com.br\/fachin-derruba-decisao-de-toffoli-para-blindar-lava-jato\/\" target=\"_blank\" rel=\"noreferrer noopener\">Leia mais: Fachin derruba decis\u00e3o de Toffoli para \u2018blindar\u2019 Lava Jato<\/a><\/strong><\/p>\n\n\n\n<p>Fachin, que \u00e9 relator da Lava Jato no STF, revogou uma liminar concedida durante o recesso do Judici\u00e1rio pelo presidente Dias Toffoli, que determinava o compartilhamento de dados da opera\u00e7\u00e3o em Curitiba, Rio e S\u00e3o Paulo com a PGR.<\/p>\n\n\n\n<p>De acordo com reportagem do jornalista Valdo Cruz, do G1, assessores de Aras afirmam que, assim que tiverem acesso \u00e0 decis\u00e3o de Fachin, v\u00e3o decidir se apresentam um novo recurso ou se apenas \u201creformam\u201d o pedido inicial, que j\u00e1 tinha recebido decis\u00e3o favor\u00e1vel de Toffoli.<\/p>\n\n\n\n<p>Segundo os procuradores ouvidos por Valdo Cruz, no caso dos dados de Curitiba j\u00e1 existem tr\u00eas decis\u00f5es anteriores da Justi\u00e7a determinando que as informa\u00e7\u00f5es fossem compartilhadas.<\/p>\n\n\n\n<p>\u201cEm rela\u00e7\u00e3o a S\u00e3o Paulo e Rio, n\u00e3o h\u00e1 defini\u00e7\u00f5es anteriores. Mas, no caso da for\u00e7a-tarefa em Curitiba, j\u00e1 foram tomadas decis\u00f5es judiciais favor\u00e1veis ao compartilhamento. Por isso, entendemos que essa ser\u00e1 uma quest\u00e3o a ser apenas esclarecida\u201d, disse um assessor de Augusto Aras, lembrando que uma das decis\u00f5es foi tomada pelo ent\u00e3o juiz Sergio Moro.<\/p>\n\n\n\n<p>A decis\u00e3o de Fachin tem efeitos retroativos, ou seja, vale para os dados que j\u00e1 foram copiados por t\u00e9cnicos da PGR enviados a Curitiba e Rio de Janeiro. \u201cPelo exposto, nos termos do art. 21, \u00a7 1\u00b0, do Regimento Interno do Supremo Tribunal Federal, nego seguimento \u00e0 Reclama\u00e7\u00e3o e, com integral efeito ex tunc, revogo a liminar deferida \u00e0s fls. 139-151\u201d.<\/p>\n","protected":false},"excerpt":{"rendered":"<p>A Procuradoria-Geral da Rep\u00fablica (PGR) vai recorrer da decis\u00e3o do ministro Edson Fachin e vai insistir no compartilhamento de dados do \u00f3rg\u00e3o com a for\u00e7a-tarefa&hellip; <\/p>\n","protected":false},"author":2,"featured_media":181906,"comment_status":"closed","ping_status":"closed","sticky":false,"template":"","format":"standard","meta":{"sfsi_plus_gutenberg_text_before_share":"","sfsi_plus_gutenberg_show_text_before_share":"","sfsi_plus_gutenberg_icon_type":"","sfsi_plus_gutenberg_icon_alignemt":"","sfsi_plus_gutenburg_max_per_row":"","footnotes":""},"categories":[2],"tags":[],"class_list":["post-181905","post","type-post","status-publish","format-standard","has-post-thumbnail","hentry","category-geral"],"_links":{"self":[{"href":"https:\/\/www.caririemacao.com\/1\/wp-json\/wp\/v2\/posts\/181905","targetHints":{"allow":["GET"]}}],"collection":[{"href":"https:\/\/www.caririemacao.com\/1\/wp-json\/wp\/v2\/posts"}],"about":[{"href":"https:\/\/www.caririemacao.com\/1\/wp-json\/wp\/v2\/types\/post"}],"author":[{"embeddable":true,"href":"https:\/\/www.caririemacao.com\/1\/wp-json\/wp\/v2\/users\/2"}],"replies":[{"embeddable":true,"href":"https:\/\/www.caririemacao.com\/1\/wp-json\/wp\/v2\/comments?post=181905"}],"version-history":[{"count":1,"href":"https:\/\/www.caririemacao.com\/1\/wp-json\/wp\/v2\/posts\/181905\/revisions"}],"predecessor-version":[{"id":181907,"href":"https:\/\/www.caririemacao.com\/1\/wp-json\/wp\/v2\/posts\/181905\/revisions\/181907"}],"wp:featuredmedia":[{"embeddable":true,"href":"https:\/\/www.caririemacao.com\/1\/wp-json\/wp\/v2\/media\/181906"}],"wp:attachment":[{"href":"https:\/\/www.caririemacao.com\/1\/wp-json\/wp\/v2\/media?parent=181905"}],"wp:term":[{"taxonomy":"category","embeddable":true,"href":"https:\/\/www.caririemacao.com\/1\/wp-json\/wp\/v2\/categories?post=181905"},{"taxonomy":"post_tag","embeddable":true,"href":"https:\/\/www.caririemacao.com\/1\/wp-json\/wp\/v2\/tags?post=181905"}],"curies":[{"name":"wp","href":"https:\/\/api.w.org\/{rel}","templated":true}]}}