{"id":181913,"date":"2020-08-04T09:04:25","date_gmt":"2020-08-04T12:04:25","guid":{"rendered":"https:\/\/www.caririemacao.com\/1\/?p=181913"},"modified":"2020-08-04T09:04:25","modified_gmt":"2020-08-04T12:04:25","slug":"caraubas-prefeitura-convida-populacao-para-participar-da-reuniao-virtual-preparatoria-da-plenaria-do-orcamento-democratico-estadual","status":"publish","type":"post","link":"https:\/\/www.caririemacao.com\/1\/2020\/08\/04\/caraubas-prefeitura-convida-populacao-para-participar-da-reuniao-virtual-preparatoria-da-plenaria-do-orcamento-democratico-estadual\/","title":{"rendered":"Cara\u00fabas: Prefeitura convida popula\u00e7\u00e3o para participar da reuni\u00e3o virtual preparat\u00f3ria da plen\u00e1ria do Or\u00e7amento Democr\u00e1tico Estadual"},"content":{"rendered":"\n<p>A Prefeitura de Cara\u00fabas publicou uma nota convidando a popula\u00e7\u00e3o, para participarem da reuni\u00e3o preparat\u00f3ria da plen\u00e1ria do Or\u00e7amento Democr\u00e1tico Estadual que acontecer\u00e1, nesta ter\u00e7a-feira, dia 4\/8, a partir das 15h.<\/p>\n\n\n\n<p>&#8220;Participe da reuni\u00e3o preparat\u00f3ria da plen\u00e1ria do Or\u00e7amento Democr\u00e1tico Estadual do munic\u00edpio de Cara\u00fabas. A reuni\u00e3o se dar\u00e1 de forma virtual atrav\u00e9s da plataforma do Google mete e contar\u00e1 com a participa\u00e7\u00e3o da sociedade civil, do Poder P\u00fablico Municipal e de representantes do Or\u00e7amento Democr\u00e1tico Estadual. Venha participar e discutir as prioridades do munic\u00edpio de Cara\u00fabas para o or\u00e7amento estadual 2021. A hora \u00e9 agora. Para participar da reuni\u00e3o acesse <a rel=\"noreferrer noopener\" href=\"https:\/\/l.facebook.com\/l.php?u=http%3A%2F%2Fwww.google.meet.com%2F%3Ffbclid%3DIwAR1_1-DF5NK7J2n-HqALECDUi4IaFUUwfX-SG4ZISoYMIQ4BkY6EoV2W5dU&amp;h=AT1OeFm_CkB7LAqakAmN7VORgZDlU8l__Xwid1XeHP9jPEmg1o2571bD6uoh6-_EZmwfaJxQgDSvkqzh2sMLixuouaGYyaM8nJTGcAbbm-AnqNMc-t7jw6G2s1MM7P_XG6Q&amp;__tn__=-UK-R&amp;c[0]=AT27o5hXkqT2CwmkC89uMMfoJVfoQ5mLS4XTaZXes_XDF33dlylqK-Ucx7NL1E6QemGEENWArv5TNXn-D_37AGQOJm20ASTG02KIp2f_cRSSopmug3QckHjb16NUYCSX-AQ0Ud_CyBS9iOw96OaaFx_j7q-Rj1lv4qfjojuMY4iyoHYzZCYIqhMcZcwjO-k\" target=\"_blank\">www.google.meet.com<\/a>&#8220;, Prefeitura de Cara\u00fabas. <\/p>\n","protected":false},"excerpt":{"rendered":"<p>A Prefeitura de Cara\u00fabas publicou uma nota convidando a popula\u00e7\u00e3o, para participarem da reuni\u00e3o preparat\u00f3ria da plen\u00e1ria do Or\u00e7amento Democr\u00e1tico Estadual que acontecer\u00e1, nesta ter\u00e7a-feira,&hellip; <\/p>\n","protected":false},"author":1,"featured_media":181933,"comment_status":"closed","ping_status":"closed","sticky":false,"template":"","format":"standard","meta":{"sfsi_plus_gutenberg_text_before_share":"","sfsi_plus_gutenberg_show_text_before_share":"","sfsi_plus_gutenberg_icon_type":"","sfsi_plus_gutenberg_icon_alignemt":"","sfsi_plus_gutenburg_max_per_row":"","footnotes":""},"categories":[6],"tags":[],"class_list":["post-181913","post","type-post","status-publish","format-standard","has-post-thumbnail","hentry","category-cidades"],"_links":{"self":[{"href":"https:\/\/www.caririemacao.com\/1\/wp-json\/wp\/v2\/posts\/181913","targetHints":{"allow":["GET"]}}],"collection":[{"href":"https:\/\/www.caririemacao.com\/1\/wp-json\/wp\/v2\/posts"}],"about":[{"href":"https:\/\/www.caririemacao.com\/1\/wp-json\/wp\/v2\/types\/post"}],"author":[{"embeddable":true,"href":"https:\/\/www.caririemacao.com\/1\/wp-json\/wp\/v2\/users\/1"}],"replies":[{"embeddable":true,"href":"https:\/\/www.caririemacao.com\/1\/wp-json\/wp\/v2\/comments?post=181913"}],"version-history":[{"count":1,"href":"https:\/\/www.caririemacao.com\/1\/wp-json\/wp\/v2\/posts\/181913\/revisions"}],"predecessor-version":[{"id":181938,"href":"https:\/\/www.caririemacao.com\/1\/wp-json\/wp\/v2\/posts\/181913\/revisions\/181938"}],"wp:featuredmedia":[{"embeddable":true,"href":"https:\/\/www.caririemacao.com\/1\/wp-json\/wp\/v2\/media\/181933"}],"wp:attachment":[{"href":"https:\/\/www.caririemacao.com\/1\/wp-json\/wp\/v2\/media?parent=181913"}],"wp:term":[{"taxonomy":"category","embeddable":true,"href":"https:\/\/www.caririemacao.com\/1\/wp-json\/wp\/v2\/categories?post=181913"},{"taxonomy":"post_tag","embeddable":true,"href":"https:\/\/www.caririemacao.com\/1\/wp-json\/wp\/v2\/tags?post=181913"}],"curies":[{"name":"wp","href":"https:\/\/api.w.org\/{rel}","templated":true}]}}