{"id":181914,"date":"2020-08-04T08:48:12","date_gmt":"2020-08-04T11:48:12","guid":{"rendered":"https:\/\/www.caririemacao.com\/1\/?p=181914"},"modified":"2020-08-04T08:48:12","modified_gmt":"2020-08-04T11:48:12","slug":"fabricante-de-esquadrias-de-aluminio-ira-se-instalar-na-paraiba-e-gerar-ate-200-empregos","status":"publish","type":"post","link":"https:\/\/www.caririemacao.com\/1\/2020\/08\/04\/fabricante-de-esquadrias-de-aluminio-ira-se-instalar-na-paraiba-e-gerar-ate-200-empregos\/","title":{"rendered":"Fabricante de esquadrias de alum\u00ednio ir\u00e1 se instalar na Para\u00edba e gerar at\u00e9 200 empregos"},"content":{"rendered":"\n<h3 class=\"wp-block-heading\"><\/h3>\n\n\n\n<hr class=\"wp-block-separator\"\/>\n\n\n\n<p>O Governo do Estado, por meio da Companhia de Desenvolvimento da Para\u00edba (Cinep), assinou, nesta segunda-feira (3), um contrato para implanta\u00e7\u00e3o da Alumasa Ind\u00fastria de&nbsp;<a href=\"https:\/\/wscom.com.br\/operacao-apreende-32-toneladas-de-cabo-de-aluminio-irregular-na-paraiba\/\" target=\"_blank\" rel=\"noreferrer noopener\">Alum\u00ednio<\/a>&nbsp;e Pl\u00e1stico. A empresa catarinense, uma das tr\u00eas maiores fabricantes de esquadrias de alum\u00ednio do Brasil e que j\u00e1 est\u00e1 em fase de instala\u00e7\u00e3o no munic\u00edpio de Ing\u00e1, decidiu ampliar os seus neg\u00f3cios no Estado da Para\u00edba, expandindo o seu projeto para o munic\u00edpio de Caapor\u00e3, com uma unidade ainda maior, j\u00e1 em janeiro de 2021. O empreendimento ser\u00e1 constru\u00eddo em um terreno de 100 mil m\u00b2.<\/p>\n\n\n\n<p>Em seu programa semanal, \u201cFala, Governador\u201d, transmitido por uma cadeia estadual de r\u00e1dios, o governador Jo\u00e3o Azev\u00eado fez o an\u00fancio da nova instala\u00e7\u00e3o de uma unidade fabril na Para\u00edba. \u201cN\u00f3s estamos mostrando ao povo da Para\u00edba que, mesmo diante da pandemia e da dificuldade econ\u00f4mica que o pa\u00eds atravessa, estamos oferecendo as condi\u00e7\u00f5es para receber novas empresas, gerando emprego no nosso Estado. Eu fico muito feliz por isso e sempre digo para cada empres\u00e1rio e industrial que quer vir para a Para\u00edba que os projetos que eles nos apresentam passam a ser nosso tamb\u00e9m a partir do momento que os conhecemos, pois vamos buscar essas instala\u00e7\u00f5es\u201d, destacou.<\/p>\n\n\n\n<p>\u201cMais um importante trabalho de atra\u00e7\u00e3o de investimentos para o nosso estado, posicionando-o positivamente na regi\u00e3o Nordeste como centro estrat\u00e9gico para ind\u00fastrias que querem atuar nesse mercado regional\u201d, avaliou, por sua vez, R\u00f4mulo Polari, diretor presidente da Cinep.<\/p>\n\n\n\n<p>De acordo com a Alumasa, a nova unidade da Para\u00edba investir\u00e1 no estado cerca de R$15 milh\u00f5es, ter\u00e1 um faturamento anual de R$ 60 milh\u00f5es e ir\u00e1 gerar 150 empregos diretos e 50 indiretos aos paraibanos. A sede de Caapor\u00e3 ir\u00e1 produzir mensalmente cerca de 215 mil produtos, entre eles esquadrias de alum\u00ednio, escadas de alum\u00ednio e produtos de pl\u00e1sticos. J\u00e1 a unidade do munic\u00edpio de Ing\u00e1 ficar\u00e1 com a parte de extrus\u00e3o e de pintura de perfis de alum\u00ednio. Com essa nova unidade, a Alumasa ir\u00e1 atender o Norte, Nordeste e parte das regi\u00f5es Sudeste e Centro-Oeste.<\/p>\n\n\n\n<p>Segundo Leandro Spricigo, supervisor de Controladoria da Alumasa, todos que formam a empresa est\u00e3o felizes com mais uma conquista na Para\u00edba. \u201cA gente est\u00e1 muito feliz com esse novo passo que estamos dando. S\u00f3 temos a agradecer ao estado da Para\u00edba, em especial ao governador Jo\u00e3o Azev\u00eado que sempre nos recebeu de bra\u00e7os abertos. Esperamos que em 2021 possamos j\u00e1 come\u00e7ar a colher grandes resultados\u201d,&nbsp;&nbsp;afirmou Leandro.<\/p>\n\n\n\n<p>A Alumasa Ind\u00fastria de Alum\u00ednio e Pl\u00e1stico foi fundada em 1986 no munic\u00edpio de Urussanga, em Santa Catarina. Come\u00e7ou produzindo esquadrias de alum\u00ednio e ao longo dos anos aumentou a sua atua\u00e7\u00e3o, passando tamb\u00e9m a fabricar perfis de alum\u00ednio e escadas de alum\u00ednio e produtos de pl\u00e1stico. Al\u00e9m da matriz no estado catarinense, a empresa escolheu a Para\u00edba para implantar duas novas unidades, uma no munic\u00edpio de Ing\u00e1 e em breve outra em Caapor\u00e3.<\/p>\n\n\n\n<p>Com mais de 30 anos de atua\u00e7\u00e3o no mercado, a empresa atualmente est\u00e1 entre as tr\u00eas maiores fabricantes de esquadrias de alum\u00ednio do pa\u00eds.<\/p>\n\n\n\n<p>Os produtos da empresa s\u00e3o utilizados em diversos ramos industriais como metal\u00fargica, mec\u00e2nica, energias renov\u00e1veis, implementos rodovi\u00e1rios, moveleira e constru\u00e7\u00e3o civil. A Alumasa est\u00e1 presente, por meio de seus representantes, em 24 estados brasileiros, Argentina, Uruguai, Paraguai e est\u00e1 abrindo mercado em outros pa\u00edses.<\/p>\n","protected":false},"excerpt":{"rendered":"<p>O Governo do Estado, por meio da Companhia de Desenvolvimento da Para\u00edba (Cinep), assinou, nesta segunda-feira (3), um contrato para implanta\u00e7\u00e3o da Alumasa Ind\u00fastria de&nbsp;Alum\u00ednio&nbsp;e&hellip; <\/p>\n","protected":false},"author":2,"featured_media":181915,"comment_status":"closed","ping_status":"closed","sticky":false,"template":"","format":"standard","meta":{"sfsi_plus_gutenberg_text_before_share":"","sfsi_plus_gutenberg_show_text_before_share":"","sfsi_plus_gutenberg_icon_type":"","sfsi_plus_gutenberg_icon_alignemt":"","sfsi_plus_gutenburg_max_per_row":"","footnotes":""},"categories":[2],"tags":[],"class_list":["post-181914","post","type-post","status-publish","format-standard","has-post-thumbnail","hentry","category-geral"],"_links":{"self":[{"href":"https:\/\/www.caririemacao.com\/1\/wp-json\/wp\/v2\/posts\/181914","targetHints":{"allow":["GET"]}}],"collection":[{"href":"https:\/\/www.caririemacao.com\/1\/wp-json\/wp\/v2\/posts"}],"about":[{"href":"https:\/\/www.caririemacao.com\/1\/wp-json\/wp\/v2\/types\/post"}],"author":[{"embeddable":true,"href":"https:\/\/www.caririemacao.com\/1\/wp-json\/wp\/v2\/users\/2"}],"replies":[{"embeddable":true,"href":"https:\/\/www.caririemacao.com\/1\/wp-json\/wp\/v2\/comments?post=181914"}],"version-history":[{"count":1,"href":"https:\/\/www.caririemacao.com\/1\/wp-json\/wp\/v2\/posts\/181914\/revisions"}],"predecessor-version":[{"id":181916,"href":"https:\/\/www.caririemacao.com\/1\/wp-json\/wp\/v2\/posts\/181914\/revisions\/181916"}],"wp:featuredmedia":[{"embeddable":true,"href":"https:\/\/www.caririemacao.com\/1\/wp-json\/wp\/v2\/media\/181915"}],"wp:attachment":[{"href":"https:\/\/www.caririemacao.com\/1\/wp-json\/wp\/v2\/media?parent=181914"}],"wp:term":[{"taxonomy":"category","embeddable":true,"href":"https:\/\/www.caririemacao.com\/1\/wp-json\/wp\/v2\/categories?post=181914"},{"taxonomy":"post_tag","embeddable":true,"href":"https:\/\/www.caririemacao.com\/1\/wp-json\/wp\/v2\/tags?post=181914"}],"curies":[{"name":"wp","href":"https:\/\/api.w.org\/{rel}","templated":true}]}}