{"id":181920,"date":"2020-08-04T08:53:16","date_gmt":"2020-08-04T11:53:16","guid":{"rendered":"https:\/\/www.caririemacao.com\/1\/?p=181920"},"modified":"2020-08-04T08:53:16","modified_gmt":"2020-08-04T11:53:16","slug":"carros-pipa-abastecem-262-cisternas-e-garantem-acesso-a-agua-potavel-na-zona-rural","status":"publish","type":"post","link":"https:\/\/www.caririemacao.com\/1\/2020\/08\/04\/carros-pipa-abastecem-262-cisternas-e-garantem-acesso-a-agua-potavel-na-zona-rural\/","title":{"rendered":"Carros Pipa abastecem 262 Cisternas e garantem acesso \u00e0 \u00e1gua pot\u00e1vel na zona rural"},"content":{"rendered":"\n<h3 class=\"wp-block-heading\"><\/h3>\n\n\n\n<p>A Secretaria de Agricultura Meio Ambiente e Desenvolvimento Sustent\u00e1vel de Monteiro encaminhou ao gabinete da Prefeita Anna Lorena, nesta ter\u00e7a-feira 28, Dia do Agricultor, o relat\u00f3rio das a\u00e7\u00f5es executadas no primeiro semestre de 2020, dentro do programa \u201cMais \u00c1gua no Campo\u201d.<br><a href=\"https:\/\/www.monteiro.pb.gov.br\/storage\/content\/noticias\/geral\/2416\/galeria\/carros-pipa-abastecem-262-cisternas-e-garantem-acesso-a-agua-potavel-na-zona-rural-4.jpeg\"><\/a>Mesmo com as chuvas irregulares e com uma distribui\u00e7\u00e3o pluviom\u00e9trica diversa, a prefeitura contratou mais um caminh\u00e3o pipa para suprir o atendimento de \u00e1gua para consumo humano. O programa garantiu, somente no primeiro semestre, fornecimento de \u00e1gua para consumo humano, atrav\u00e9s do abastecimento de 262 cisternas.&nbsp;<br>As a\u00e7\u00f5es conjuntas dos carros pipa da prefeitura, juntamente com os carros da Opera\u00e7\u00e3o Pipa do Ex\u00e9rcito Brasileiro, abasteceram mensalmente 450 cisternas de placa, beneficiando diretamente, cerca de 14.809 pessoas\/m\u00eas que residem na zona rural do munic\u00edpio nas comunidades do Amaro; Angiquinho; Assentamento dos Dez; Barreiros; Boa Esperan\u00e7a; Bredos I; Bredos II; Cachoeira; Cacimba de Cima; Cacimbinha; Camale\u00e3o; Esp\u00edrito Santo; Extrema; Gameleira; Gavi\u00e3o; Lagoa do Mato; Macap\u00e1; Morcego; Mulungu; Mutir\u00e3o; Olho D\u2019\u00e1gua do Silva; Pau D&#8217;Arco; Picos; Pitombeira; Po\u00e7\u00e3o; Pocinhos; Posto Fiscal; Queimadas; Rancharia; Riacho da Cruz; Riacho do Meio; Riacho Verde; Riacho Verde; Rigideira; Samambaia de Cima; Santa Catarina; Serra Branca; Serrote; Serrote de Baixo; Serrote de Baixo; Serrote de Cima; Sitio do Meio; Tamandu\u00e1; Tapagem; Tingui; Tung\u00e3o; Umburana e Vila Produtiva Rural Lafayete.<\/p>\n","protected":false},"excerpt":{"rendered":"<p>A Secretaria de Agricultura Meio Ambiente e Desenvolvimento Sustent\u00e1vel de Monteiro encaminhou ao gabinete da Prefeita Anna Lorena, nesta ter\u00e7a-feira 28, Dia do Agricultor, o&hellip; <\/p>\n","protected":false},"author":2,"featured_media":181921,"comment_status":"closed","ping_status":"closed","sticky":false,"template":"","format":"standard","meta":{"sfsi_plus_gutenberg_text_before_share":"","sfsi_plus_gutenberg_show_text_before_share":"","sfsi_plus_gutenberg_icon_type":"","sfsi_plus_gutenberg_icon_alignemt":"","sfsi_plus_gutenburg_max_per_row":"","footnotes":""},"categories":[2],"tags":[],"class_list":["post-181920","post","type-post","status-publish","format-standard","has-post-thumbnail","hentry","category-geral"],"_links":{"self":[{"href":"https:\/\/www.caririemacao.com\/1\/wp-json\/wp\/v2\/posts\/181920","targetHints":{"allow":["GET"]}}],"collection":[{"href":"https:\/\/www.caririemacao.com\/1\/wp-json\/wp\/v2\/posts"}],"about":[{"href":"https:\/\/www.caririemacao.com\/1\/wp-json\/wp\/v2\/types\/post"}],"author":[{"embeddable":true,"href":"https:\/\/www.caririemacao.com\/1\/wp-json\/wp\/v2\/users\/2"}],"replies":[{"embeddable":true,"href":"https:\/\/www.caririemacao.com\/1\/wp-json\/wp\/v2\/comments?post=181920"}],"version-history":[{"count":1,"href":"https:\/\/www.caririemacao.com\/1\/wp-json\/wp\/v2\/posts\/181920\/revisions"}],"predecessor-version":[{"id":181922,"href":"https:\/\/www.caririemacao.com\/1\/wp-json\/wp\/v2\/posts\/181920\/revisions\/181922"}],"wp:featuredmedia":[{"embeddable":true,"href":"https:\/\/www.caririemacao.com\/1\/wp-json\/wp\/v2\/media\/181921"}],"wp:attachment":[{"href":"https:\/\/www.caririemacao.com\/1\/wp-json\/wp\/v2\/media?parent=181920"}],"wp:term":[{"taxonomy":"category","embeddable":true,"href":"https:\/\/www.caririemacao.com\/1\/wp-json\/wp\/v2\/categories?post=181920"},{"taxonomy":"post_tag","embeddable":true,"href":"https:\/\/www.caririemacao.com\/1\/wp-json\/wp\/v2\/tags?post=181920"}],"curies":[{"name":"wp","href":"https:\/\/api.w.org\/{rel}","templated":true}]}}