{"id":181927,"date":"2020-08-04T08:58:02","date_gmt":"2020-08-04T11:58:02","guid":{"rendered":"https:\/\/www.caririemacao.com\/1\/?p=181927"},"modified":"2020-08-04T08:59:35","modified_gmt":"2020-08-04T11:59:35","slug":"covid-19-brasil-chega-a-94-660-mortes-e-27-milhoes-de-casos","status":"publish","type":"post","link":"https:\/\/www.caririemacao.com\/1\/2020\/08\/04\/covid-19-brasil-chega-a-94-660-mortes-e-27-milhoes-de-casos\/","title":{"rendered":"COVID-19: Brasil chega a 94.660 mortes e 2,7 milh\u00f5es de casos"},"content":{"rendered":"\n<h1 class=\"wp-block-heading\"><\/h1>\n\n\n\n<p>De acordo com a \u00faltima atualiza\u00e7\u00e3o feita pelo Conselho Nacional de Secret\u00e1rios de Sa\u00fade (Conass), o Brasil chegou, nesta segunda-feira (3), a 94.660 mortes e 2.750.153 casos confirmados de&nbsp;coronav\u00edrus. Apenas nas \u00faltimas 24h, foram registrados mais 556 \u00f3bitos e 16.476 diagn\u00f3sticos da doen\u00e7a.<\/p>\n\n\n\n<figure><iframe width=\"336\" height=\"280\"><\/iframe><\/figure>\n\n\n\n<p>As informa\u00e7\u00f5es do Conass s\u00e3o usadas como base para a plataforma do Minist\u00e9rio da Sa\u00fade e, desde o&nbsp;come\u00e7o de junho, s\u00e3o divulgadas, cerca de uma hora antes dos n\u00fameros oficiais.<\/p>\n\n\n\n<p>A Para\u00edba registrou 203 novos casos de Covid-19 e 20 \u00f3bitos confirmados desde a \u00faltima atualiza\u00e7\u00e3o. Segundo a Secretaria de Estado da Sa\u00fade (SES), 06 mortes ocorreram nas \u00faltimas 24 horas.<\/p>\n\n\n\n<p>Com isso, 84.211 pessoas j\u00e1 contra\u00edram a doen\u00e7a e 1.870 faleceram. Al\u00e9m disso, 36.907 pessoas j\u00e1 se recuperaram e 244.531 testes para diagn\u00f3stico da Covid-19 j\u00e1 foram realizados.<\/p>\n\n\n\n<p>A ocupa\u00e7\u00e3o total de leitos de UTI (adulto, pedi\u00e1trico e obst\u00e9trico) em todo o estado \u00e9 de 52%. Fazendo um recorte apenas dos leitos de UTI para adultos na Regi\u00e3o Metropolitana de Jo\u00e3o Pessoa, a taxa de ocupa\u00e7\u00e3o chega a 61%.<\/p>\n","protected":false},"excerpt":{"rendered":"<p>De acordo com a \u00faltima atualiza\u00e7\u00e3o feita pelo Conselho Nacional de Secret\u00e1rios de Sa\u00fade (Conass), o Brasil chegou, nesta segunda-feira (3), a 94.660 mortes e&hellip; <\/p>\n","protected":false},"author":2,"featured_media":181791,"comment_status":"closed","ping_status":"closed","sticky":false,"template":"","format":"standard","meta":{"sfsi_plus_gutenberg_text_before_share":"","sfsi_plus_gutenberg_show_text_before_share":"","sfsi_plus_gutenberg_icon_type":"","sfsi_plus_gutenberg_icon_alignemt":"","sfsi_plus_gutenburg_max_per_row":"","footnotes":""},"categories":[50,16],"tags":[],"class_list":["post-181927","post","type-post","status-publish","format-standard","has-post-thumbnail","hentry","category-destaque","category-saude"],"_links":{"self":[{"href":"https:\/\/www.caririemacao.com\/1\/wp-json\/wp\/v2\/posts\/181927","targetHints":{"allow":["GET"]}}],"collection":[{"href":"https:\/\/www.caririemacao.com\/1\/wp-json\/wp\/v2\/posts"}],"about":[{"href":"https:\/\/www.caririemacao.com\/1\/wp-json\/wp\/v2\/types\/post"}],"author":[{"embeddable":true,"href":"https:\/\/www.caririemacao.com\/1\/wp-json\/wp\/v2\/users\/2"}],"replies":[{"embeddable":true,"href":"https:\/\/www.caririemacao.com\/1\/wp-json\/wp\/v2\/comments?post=181927"}],"version-history":[{"count":1,"href":"https:\/\/www.caririemacao.com\/1\/wp-json\/wp\/v2\/posts\/181927\/revisions"}],"predecessor-version":[{"id":181929,"href":"https:\/\/www.caririemacao.com\/1\/wp-json\/wp\/v2\/posts\/181927\/revisions\/181929"}],"wp:featuredmedia":[{"embeddable":true,"href":"https:\/\/www.caririemacao.com\/1\/wp-json\/wp\/v2\/media\/181791"}],"wp:attachment":[{"href":"https:\/\/www.caririemacao.com\/1\/wp-json\/wp\/v2\/media?parent=181927"}],"wp:term":[{"taxonomy":"category","embeddable":true,"href":"https:\/\/www.caririemacao.com\/1\/wp-json\/wp\/v2\/categories?post=181927"},{"taxonomy":"post_tag","embeddable":true,"href":"https:\/\/www.caririemacao.com\/1\/wp-json\/wp\/v2\/tags?post=181927"}],"curies":[{"name":"wp","href":"https:\/\/api.w.org\/{rel}","templated":true}]}}