{"id":181934,"date":"2020-08-04T09:03:22","date_gmt":"2020-08-04T12:03:22","guid":{"rendered":"https:\/\/www.caririemacao.com\/1\/?p=181934"},"modified":"2020-08-04T09:03:22","modified_gmt":"2020-08-04T12:03:22","slug":"paraibano-publicava-ataques-a-adversarios-de-bolsonaro-em-paginas-removidas","status":"publish","type":"post","link":"https:\/\/www.caririemacao.com\/1\/2020\/08\/04\/paraibano-publicava-ataques-a-adversarios-de-bolsonaro-em-paginas-removidas\/","title":{"rendered":"Paraibano publicava ataques a advers\u00e1rios de Bolsonaro em p\u00e1ginas removidas"},"content":{"rendered":"\n<h2 class=\"wp-block-heading\"><\/h2>\n\n\n\n<p>P\u00e1ginas na internet com conte\u00fado bolsonarista removidas pelo Facebook no \u00faltimo dia 8 tentavam manipular discuss\u00f5es na rede, difundiam fake news e atacavam advers\u00e1rios da fam\u00edlia Bolsonaro. O \u201cFant\u00e1stico\u201d da TV Globo divulgou nesse domingo (2) parte do conte\u00fado das contas. Entre os administradores dos perfis est\u00e1 o assessor especial do presidente Jair Bolsonaro, o paraibano T\u00e9rcio Tomaz, que trabalha no Pal\u00e1cio do Planalto. Al\u00e9m de uma conta pessoal, o assessor mantinha outras duas, an\u00f4nimas, chamadas de Bolsonaro News.<\/p>\n\n\n\n<p>T\u00e9rcio \u00e9 acusado por parlamentares de integrar o gabinete do \u00f3dio \u2014 grupo suspeito de promover ataques virtuais a desafetos dos Bolsonaro. Na p\u00e1gina Bolsonaro News, T\u00e9rcio se dedicou a atacar advers\u00e1rios pol\u00edticos, principalmente o ex-ministro da Justi\u00e7a S\u00e9rgio Moro. A conta tamb\u00e9m publicou not\u00edcias falsas sobre a pandemia do coronav\u00edrus.Leia Tamb\u00e9m:<a target=\"_blank\" href=\"https:\/\/www.pbagora.com.br\/noticia\/paraiba\/secretario-executivo-de-saude-reforca-necessidade-do-isolamento-e-alerta-nao-e-hora-de-fazer-festas\/\" rel=\"noreferrer noopener\">Secret\u00e1rio Executivo de Sa\u00fade refor\u00e7a necessidade do isolamento: \u201cN\u00e3o \u00e9 hora de fazer festas\u201d<\/a><\/p>\n\n\n\n<p>Na p\u00e1gina, o assessor postou um&nbsp; v\u00eddeoem que tira de contexto uma entrevista do diretor da Organiza\u00e7\u00e3o Mundial da Sa\u00fade (OMS) sobre o isolamento social. No mesmo dia, Bolsonaro compartilhou o v\u00eddeo, dizendo que a OMS defendia a reabertura das cidades. No dia seguinte, foi desmentido pelo diretor da OMS.<\/p>\n\n\n\n<p>Segundo o \u201cFant\u00e1stico\u201d, a p\u00e1gina postou fake news sobre o governador e o prefeito de S\u00e3o Paulo: \u201cJo\u00e3o Doria e Bruno Covas mandam abrir covas para imprensa fotografar\u201d.<\/p>\n\n\n\n<p>A investiga\u00e7\u00e3o apontou que a rede de contas falsas era operada por dois assessores ligados ao deputado federal Eduardo Bolsonaro deles \u00e9 Eduardo Guimar\u00e3es, alvo da CPI das Fake News, por ter usado um computador da C\u00e2mara dos Deputados pra criar a conta de ataques virtuais Bolsofeios.<\/p>\n","protected":false},"excerpt":{"rendered":"<p>P\u00e1ginas na internet com conte\u00fado bolsonarista removidas pelo Facebook no \u00faltimo dia 8 tentavam manipular discuss\u00f5es na rede, difundiam fake news e atacavam advers\u00e1rios da&hellip; <\/p>\n","protected":false},"author":2,"featured_media":181935,"comment_status":"closed","ping_status":"closed","sticky":false,"template":"","format":"standard","meta":{"sfsi_plus_gutenberg_text_before_share":"","sfsi_plus_gutenberg_show_text_before_share":"","sfsi_plus_gutenberg_icon_type":"","sfsi_plus_gutenberg_icon_alignemt":"","sfsi_plus_gutenburg_max_per_row":"","footnotes":""},"categories":[11],"tags":[],"class_list":["post-181934","post","type-post","status-publish","format-standard","has-post-thumbnail","hentry","category-politica"],"_links":{"self":[{"href":"https:\/\/www.caririemacao.com\/1\/wp-json\/wp\/v2\/posts\/181934","targetHints":{"allow":["GET"]}}],"collection":[{"href":"https:\/\/www.caririemacao.com\/1\/wp-json\/wp\/v2\/posts"}],"about":[{"href":"https:\/\/www.caririemacao.com\/1\/wp-json\/wp\/v2\/types\/post"}],"author":[{"embeddable":true,"href":"https:\/\/www.caririemacao.com\/1\/wp-json\/wp\/v2\/users\/2"}],"replies":[{"embeddable":true,"href":"https:\/\/www.caririemacao.com\/1\/wp-json\/wp\/v2\/comments?post=181934"}],"version-history":[{"count":1,"href":"https:\/\/www.caririemacao.com\/1\/wp-json\/wp\/v2\/posts\/181934\/revisions"}],"predecessor-version":[{"id":181936,"href":"https:\/\/www.caririemacao.com\/1\/wp-json\/wp\/v2\/posts\/181934\/revisions\/181936"}],"wp:featuredmedia":[{"embeddable":true,"href":"https:\/\/www.caririemacao.com\/1\/wp-json\/wp\/v2\/media\/181935"}],"wp:attachment":[{"href":"https:\/\/www.caririemacao.com\/1\/wp-json\/wp\/v2\/media?parent=181934"}],"wp:term":[{"taxonomy":"category","embeddable":true,"href":"https:\/\/www.caririemacao.com\/1\/wp-json\/wp\/v2\/categories?post=181934"},{"taxonomy":"post_tag","embeddable":true,"href":"https:\/\/www.caririemacao.com\/1\/wp-json\/wp\/v2\/tags?post=181934"}],"curies":[{"name":"wp","href":"https:\/\/api.w.org\/{rel}","templated":true}]}}