{"id":181940,"date":"2020-08-04T09:06:57","date_gmt":"2020-08-04T12:06:57","guid":{"rendered":"https:\/\/www.caririemacao.com\/1\/?p=181940"},"modified":"2020-08-04T09:06:57","modified_gmt":"2020-08-04T12:06:57","slug":"pgr-contesta-prisao-domiciliar-de-fabricio-queiroz-e-marcia-aguiar","status":"publish","type":"post","link":"https:\/\/www.caririemacao.com\/1\/2020\/08\/04\/pgr-contesta-prisao-domiciliar-de-fabricio-queiroz-e-marcia-aguiar\/","title":{"rendered":"PGR contesta pris\u00e3o domiciliar de Fabr\u00edcio Queiroz e M\u00e1rcia Aguiar"},"content":{"rendered":"\n<h2 class=\"wp-block-heading\"><\/h2>\n\n\n\n<p>A PGR (Procuradoria-Geral da Rep\u00fablica) entrou com recurso para derrubar a concess\u00e3o de pris\u00e3o domiciliar a Fabr\u00edcio Queiroz e M\u00e1rcia Aguiar nesta 2\u00aa feira (3.ago.2020), depois do fim do per\u00edodo de f\u00e9rias coletivas do Judici\u00e1rio. O subprocurador-geral da Rep\u00fablica, Roberto Lu\u00eds Opperman Thom\u00e9, argumenta que o benef\u00edcio deve ser totalmente revisto porque a pris\u00e3o em regime fechado seria legal e, portanto, deveria ser reestabelecida. Afirma tamb\u00e9m que a concess\u00e3o n\u00e3o poderia ter se estendido a uma foragida da Justi\u00e7a.<br><br>\u201cConquanto cedi\u00e7os cultura jur\u00eddica e esp\u00edrito p\u00fablico do \u00ednclito Ministro Presidente, sua v. decis\u00e3o monocr\u00e1tica, ora agravada, merece integral reforma para que se respeite at\u00e9 mesmo a percuciente, abalizada e escorreita fundamenta\u00e7\u00e3o lavrada em 8 de 10 laudas pela inexist\u00eancia de ilegalidade alguma na necess\u00e1ria constri\u00e7\u00e3o judicial cautelar, e mesmo se resgate o respeito \u00e0 iterativa jurisprud\u00eancia p\u00e1tria que recha\u00e7a concess\u00e3o de benesses a pessoas que se encontrem foragidas da Justi\u00e7a\u201d, afirmou Thom\u00e9.<\/p>\n","protected":false},"excerpt":{"rendered":"<p>A PGR (Procuradoria-Geral da Rep\u00fablica) entrou com recurso para derrubar a concess\u00e3o de pris\u00e3o domiciliar a Fabr\u00edcio Queiroz e M\u00e1rcia Aguiar nesta 2\u00aa feira (3.ago.2020),&hellip; <\/p>\n","protected":false},"author":2,"featured_media":181942,"comment_status":"closed","ping_status":"closed","sticky":false,"template":"","format":"standard","meta":{"sfsi_plus_gutenberg_text_before_share":"","sfsi_plus_gutenberg_show_text_before_share":"","sfsi_plus_gutenberg_icon_type":"","sfsi_plus_gutenberg_icon_alignemt":"","sfsi_plus_gutenburg_max_per_row":"","footnotes":""},"categories":[50,2],"tags":[],"class_list":["post-181940","post","type-post","status-publish","format-standard","has-post-thumbnail","hentry","category-destaque","category-geral"],"_links":{"self":[{"href":"https:\/\/www.caririemacao.com\/1\/wp-json\/wp\/v2\/posts\/181940","targetHints":{"allow":["GET"]}}],"collection":[{"href":"https:\/\/www.caririemacao.com\/1\/wp-json\/wp\/v2\/posts"}],"about":[{"href":"https:\/\/www.caririemacao.com\/1\/wp-json\/wp\/v2\/types\/post"}],"author":[{"embeddable":true,"href":"https:\/\/www.caririemacao.com\/1\/wp-json\/wp\/v2\/users\/2"}],"replies":[{"embeddable":true,"href":"https:\/\/www.caririemacao.com\/1\/wp-json\/wp\/v2\/comments?post=181940"}],"version-history":[{"count":1,"href":"https:\/\/www.caririemacao.com\/1\/wp-json\/wp\/v2\/posts\/181940\/revisions"}],"predecessor-version":[{"id":181943,"href":"https:\/\/www.caririemacao.com\/1\/wp-json\/wp\/v2\/posts\/181940\/revisions\/181943"}],"wp:featuredmedia":[{"embeddable":true,"href":"https:\/\/www.caririemacao.com\/1\/wp-json\/wp\/v2\/media\/181942"}],"wp:attachment":[{"href":"https:\/\/www.caririemacao.com\/1\/wp-json\/wp\/v2\/media?parent=181940"}],"wp:term":[{"taxonomy":"category","embeddable":true,"href":"https:\/\/www.caririemacao.com\/1\/wp-json\/wp\/v2\/categories?post=181940"},{"taxonomy":"post_tag","embeddable":true,"href":"https:\/\/www.caririemacao.com\/1\/wp-json\/wp\/v2\/tags?post=181940"}],"curies":[{"name":"wp","href":"https:\/\/api.w.org\/{rel}","templated":true}]}}