{"id":181944,"date":"2020-08-04T09:11:42","date_gmt":"2020-08-04T12:11:42","guid":{"rendered":"https:\/\/www.caririemacao.com\/1\/?p=181944"},"modified":"2020-08-04T09:11:42","modified_gmt":"2020-08-04T12:11:42","slug":"corte-de-energia-por-falta-de-pagamento-da-conta-volta-a-ser-permitido","status":"publish","type":"post","link":"https:\/\/www.caririemacao.com\/1\/2020\/08\/04\/corte-de-energia-por-falta-de-pagamento-da-conta-volta-a-ser-permitido\/","title":{"rendered":"Corte de energia por falta de pagamento da conta volta a ser permitido"},"content":{"rendered":"\n<h1 class=\"wp-block-heading\"><\/h1>\n\n\n\n<p>A partir desta segunda-feira (3), a energia el\u00e9trica dos consumidores inadimplentes pode voltar a ser cortada desde que sejam avisados. As interrup\u00e7\u00f5es estavam suspensas por determina\u00e7\u00e3o da Ag\u00eancia Nacional de Energia El\u00e9trica (Aneel) desde o dia 24 de mar\u00e7o.<\/p>\n\n\n\n<p>Como o prazo final para a isen\u00e7\u00e3o ocorreu no s\u00e1bado (1), os cortes s\u00f3 est\u00e3o autorizados a acontecer a partir de hoje (3) porque o desligamento de servi\u00e7os p\u00fablicos n\u00e3o pode acontecer nas sextas-feiras, s\u00e1bados, domingos e feriados.<\/p>\n\n\n\n<p>Baixa renda<\/p>\n\n\n\n<p>Segundo a Aneel, enquanto durar o estado de emerg\u00eancia da pandemia, continua proibido o corte para alguns grupos de consumidores. Conforme o Decreto Legislativo n\u00ba 6\/2020, esse prazo atualmente vai at\u00e9 o final de 2020.<\/p>\n\n\n\n<p>Neste grupo est\u00e3o consumidores de baixa renda; unidades onde more pessoa que dependa de equipamentos el\u00e9tricos essenciais \u00e0 preserva\u00e7\u00e3o da vida; unidades que deixaram de receber a fatura impressa sem autoriza\u00e7\u00e3o do consumidor, al\u00e9m daquelas cobradas em locais sem postos de arrecada\u00e7\u00e3o em funcionamento como bancos e lot\u00e9ricas, por exemplo, ou nos quais a circula\u00e7\u00e3o de pessoas seja restringida por ato do poder p\u00fablico.<\/p>\n","protected":false},"excerpt":{"rendered":"<p>A partir desta segunda-feira (3), a energia el\u00e9trica dos consumidores inadimplentes pode voltar a ser cortada desde que sejam avisados. As interrup\u00e7\u00f5es estavam suspensas por&hellip; <\/p>\n","protected":false},"author":2,"featured_media":181945,"comment_status":"closed","ping_status":"closed","sticky":false,"template":"","format":"standard","meta":{"sfsi_plus_gutenberg_text_before_share":"","sfsi_plus_gutenberg_show_text_before_share":"","sfsi_plus_gutenberg_icon_type":"","sfsi_plus_gutenberg_icon_alignemt":"","sfsi_plus_gutenburg_max_per_row":"","footnotes":""},"categories":[2],"tags":[],"class_list":["post-181944","post","type-post","status-publish","format-standard","has-post-thumbnail","hentry","category-geral"],"_links":{"self":[{"href":"https:\/\/www.caririemacao.com\/1\/wp-json\/wp\/v2\/posts\/181944","targetHints":{"allow":["GET"]}}],"collection":[{"href":"https:\/\/www.caririemacao.com\/1\/wp-json\/wp\/v2\/posts"}],"about":[{"href":"https:\/\/www.caririemacao.com\/1\/wp-json\/wp\/v2\/types\/post"}],"author":[{"embeddable":true,"href":"https:\/\/www.caririemacao.com\/1\/wp-json\/wp\/v2\/users\/2"}],"replies":[{"embeddable":true,"href":"https:\/\/www.caririemacao.com\/1\/wp-json\/wp\/v2\/comments?post=181944"}],"version-history":[{"count":1,"href":"https:\/\/www.caririemacao.com\/1\/wp-json\/wp\/v2\/posts\/181944\/revisions"}],"predecessor-version":[{"id":181946,"href":"https:\/\/www.caririemacao.com\/1\/wp-json\/wp\/v2\/posts\/181944\/revisions\/181946"}],"wp:featuredmedia":[{"embeddable":true,"href":"https:\/\/www.caririemacao.com\/1\/wp-json\/wp\/v2\/media\/181945"}],"wp:attachment":[{"href":"https:\/\/www.caririemacao.com\/1\/wp-json\/wp\/v2\/media?parent=181944"}],"wp:term":[{"taxonomy":"category","embeddable":true,"href":"https:\/\/www.caririemacao.com\/1\/wp-json\/wp\/v2\/categories?post=181944"},{"taxonomy":"post_tag","embeddable":true,"href":"https:\/\/www.caririemacao.com\/1\/wp-json\/wp\/v2\/tags?post=181944"}],"curies":[{"name":"wp","href":"https:\/\/api.w.org\/{rel}","templated":true}]}}