{"id":181948,"date":"2020-08-04T09:19:06","date_gmt":"2020-08-04T12:19:06","guid":{"rendered":"https:\/\/www.caririemacao.com\/1\/?p=181948"},"modified":"2020-08-04T09:19:06","modified_gmt":"2020-08-04T12:19:06","slug":"prefeito-eden-duarte-da-ordem-de-servico-para-obra-de-acesso-da-rua-severino-simoes-no-alto-alegre","status":"publish","type":"post","link":"https:\/\/www.caririemacao.com\/1\/2020\/08\/04\/prefeito-eden-duarte-da-ordem-de-servico-para-obra-de-acesso-da-rua-severino-simoes-no-alto-alegre\/","title":{"rendered":"Prefeito \u00c9den Duarte d\u00e1 ordem de servi\u00e7o para obra de acesso da Rua Severino Sim\u00f5es no Alto Alegre"},"content":{"rendered":"\n<p>O prefeito \u00c9den Duarte assinou a ordem de servi\u00e7o, no \u00faltimo s\u00e1bado, 01 de agosto, para constru\u00e7\u00e3o da obra de acesso da Rua Severino Sim\u00f5es, no bairro Alto Alegre. Trata-se de uma cal\u00e7ada revestida com pavimento intertravado que dar\u00e1 acesso \u00e0s casas dos moradores.<\/p>\n\n\n\n<p>A cal\u00e7ada foi projetada pelo arquiteto \u00cdtalo Duarte e ter\u00e1 um diferencial em obras de cal\u00e7amentos. Ela traz desenhos, a serem impressos em azulejos, de 13 personagens sumeenses, feitos pelo professor Zito Junior, que s\u00e3o\/foram grandes incentivadores e influenciadores da cultura no munic\u00edpio. S\u00e3o eles:&nbsp; Augusto Guarda, Chico Travassos, Daniel Duarte, Jo\u00e3o Furiba, J\u00falio Preto, Luizinho Batista, Miguel Guilherme, Z\u00e9 Marcolino, Ritinha Leite, Padre Silvio, Socorro Silva, Sonielson Juvino e Sebasti\u00e3o do Roj\u00e3o (um dos primeiros moradores da rua).<\/p>\n\n\n\n<p>O cal\u00e7amento da Rua foi um requerimento do vereador Nilson Brito e tamb\u00e9m uma solicita\u00e7\u00e3o dos moradores do local por meio do Or\u00e7amento Democr\u00e1tico Municipal.<\/p>\n\n\n\n<figure class=\"wp-block-image\"><a href=\"https:\/\/www.sume.pb.gov.br\/wp-content\/uploads\/2020\/08\/IMG_1759.jpg\"><img decoding=\"async\" data-src=\"https:\/\/www.sume.pb.gov.br\/wp-content\/uploads\/2020\/08\/IMG_1759-300x200.jpg\" alt=\"\" src=\"data:image\/svg+xml;base64,PHN2ZyB3aWR0aD0iMSIgaGVpZ2h0PSIxIiB4bWxucz0iaHR0cDovL3d3dy53My5vcmcvMjAwMC9zdmciPjwvc3ZnPg==\" class=\"lazyload\" style=\"--smush-placeholder-width: 300px; --smush-placeholder-aspect-ratio: 300\/200;\" \/><\/a><\/figure>\n\n\n\n<figure class=\"wp-block-image\"><a href=\"https:\/\/www.sume.pb.gov.br\/wp-content\/uploads\/2020\/08\/IMG_1771.jpg\"><img decoding=\"async\" data-src=\"https:\/\/www.sume.pb.gov.br\/wp-content\/uploads\/2020\/08\/IMG_1771-300x200.jpg\" alt=\"\" src=\"data:image\/svg+xml;base64,PHN2ZyB3aWR0aD0iMSIgaGVpZ2h0PSIxIiB4bWxucz0iaHR0cDovL3d3dy53My5vcmcvMjAwMC9zdmciPjwvc3ZnPg==\" class=\"lazyload\" style=\"--smush-placeholder-width: 300px; --smush-placeholder-aspect-ratio: 300\/200;\" \/><\/a><\/figure>\n\n\n\n<figure class=\"wp-block-image\"><a href=\"https:\/\/www.sume.pb.gov.br\/wp-content\/uploads\/2020\/08\/IMG_1812.jpg\"><img decoding=\"async\" data-src=\"https:\/\/www.sume.pb.gov.br\/wp-content\/uploads\/2020\/08\/IMG_1812-300x200.jpg\" alt=\"\" src=\"data:image\/svg+xml;base64,PHN2ZyB3aWR0aD0iMSIgaGVpZ2h0PSIxIiB4bWxucz0iaHR0cDovL3d3dy53My5vcmcvMjAwMC9zdmciPjwvc3ZnPg==\" class=\"lazyload\" style=\"--smush-placeholder-width: 300px; --smush-placeholder-aspect-ratio: 300\/200;\" \/><\/a><\/figure>\n\n\n\n<p>Nilson disse que ficou muito feliz por ter esse pleito atendido pelo prefeito \u00c9den, principalmente por se tratar de uma obra relevante que vai atender aos anseios dos moradores do local, que h\u00e1 muito tempo reivindicavam essa a\u00e7\u00e3o. Ele destacou tamb\u00e9m o apoio que teve dos demais pares na C\u00e2mara de Vereadores.<\/p>\n\n\n\n<p>O representante da comunidade do Alto Alegre e conselheiro do Or\u00e7amento Democr\u00e1tico Municipal, Ulices Pereira, disse que a obra vai atender um sonho antigo de todos moradores da localidade. Ele destacou o trabalho que o prefeito \u00c9den, junto com o ODM e os vereadores da base de sustenta\u00e7\u00e3o na C\u00e2mara vem executando em prol da popula\u00e7\u00e3o, tanto na cidade quanto na zona rural.<\/p>\n\n\n\n<p>A senhora Lourdinha, uma das primeiras moradoras da Rua Severino Sim\u00f5es, afirmou que a obra representava um benef\u00edcio importante para a localidade porque, segundo ela, quando chove h\u00e1 ac\u00famulo de lama nas portas das casas e na \u00e9poca da seca \u00e9 muita poeira. Ela ainda contou que j\u00e1 presenciou muitos acidentes de moto no local por conta disso. Lourdinha elogiou o trabalho do prefeito \u00c9den. \u201cEle \u00e9 demais, dispensa coment\u00e1rio\u201d, afirmou.<\/p>\n\n\n\n<figure class=\"wp-block-image\"><a href=\"https:\/\/www.sume.pb.gov.br\/wp-content\/uploads\/2020\/08\/IMG_1739-1.jpg\"><img decoding=\"async\" data-src=\"https:\/\/www.sume.pb.gov.br\/wp-content\/uploads\/2020\/08\/IMG_1739-1-300x200.jpg\" alt=\"\" src=\"data:image\/svg+xml;base64,PHN2ZyB3aWR0aD0iMSIgaGVpZ2h0PSIxIiB4bWxucz0iaHR0cDovL3d3dy53My5vcmcvMjAwMC9zdmciPjwvc3ZnPg==\" class=\"lazyload\" style=\"--smush-placeholder-width: 300px; --smush-placeholder-aspect-ratio: 300\/200;\" \/><\/a><\/figure>\n\n\n\n<figure class=\"wp-block-image\"><a href=\"https:\/\/www.sume.pb.gov.br\/wp-content\/uploads\/2020\/08\/WhatsApp-Image-2020-07-29-at-11.40.58-2.jpeg\"><img decoding=\"async\" data-src=\"https:\/\/www.sume.pb.gov.br\/wp-content\/uploads\/2020\/08\/WhatsApp-Image-2020-07-29-at-11.40.58-2-300x169.jpeg\" alt=\"\" src=\"data:image\/svg+xml;base64,PHN2ZyB3aWR0aD0iMSIgaGVpZ2h0PSIxIiB4bWxucz0iaHR0cDovL3d3dy53My5vcmcvMjAwMC9zdmciPjwvc3ZnPg==\" class=\"lazyload\" style=\"--smush-placeholder-width: 300px; --smush-placeholder-aspect-ratio: 300\/169;\" \/><\/a><\/figure>\n\n\n\n<figure class=\"wp-block-image\"><a href=\"https:\/\/www.sume.pb.gov.br\/wp-content\/uploads\/2020\/08\/WhatsApp-Image-2020-07-29-at-11.40.58-3-1.jpeg\"><img decoding=\"async\" data-src=\"https:\/\/www.sume.pb.gov.br\/wp-content\/uploads\/2020\/08\/WhatsApp-Image-2020-07-29-at-11.40.58-3-1-300x169.jpeg\" alt=\"\" src=\"data:image\/svg+xml;base64,PHN2ZyB3aWR0aD0iMSIgaGVpZ2h0PSIxIiB4bWxucz0iaHR0cDovL3d3dy53My5vcmcvMjAwMC9zdmciPjwvc3ZnPg==\" class=\"lazyload\" style=\"--smush-placeholder-width: 300px; --smush-placeholder-aspect-ratio: 300\/169;\" \/><\/a><\/figure>\n\n\n\n<p>L\u00e1zaro Geremias, antigo morador da Rua Severino Sim\u00f5es, falou que estava muito feliz pelo fato da obra sair do papel, pois segundo ele, tratava-se de uma promessa de v\u00e1rios anos e s\u00f3 agora ser\u00e1 executada. \u201cEssa \u00e9 uma obra de importante relev\u00e2ncia para a rua Severino Sim\u00f5es\u201d, declarou.<\/p>\n\n\n\n<p>Para o prefeito \u00c9den, trata-se de um projeto inovador, tanto para os moradores da rua, como sob o ponto de vista tur\u00edstico do munic\u00edpio. \u201cEssa \u00e9 mais uma obra que a prefeitura de Sum\u00e9 entrega \u00e0 popula\u00e7\u00e3o do bairro Alto Alegre, que vem se juntar a tantas outras que estamos executando no bairro, a exemplo, da Pra\u00e7a Keinha, da reforma da Filarm\u00f4nica Municipal,&nbsp; do esgotamento sanit\u00e1rio, da troca de postes e l\u00e2mpadas de led que ocorrer\u00e1 na Rua do Cal\u00e7ad\u00e3o. E Vamos continuar executando mais a\u00e7\u00f5es visando beneficiar a popula\u00e7\u00e3o\u201d, destacou o prefeito.<\/p>\n\n\n\n<p>Ascom PMS<\/p>\n","protected":false},"excerpt":{"rendered":"<p>O prefeito \u00c9den Duarte assinou a ordem de servi\u00e7o, no \u00faltimo s\u00e1bado, 01 de agosto, para constru\u00e7\u00e3o da obra de acesso da Rua Severino Sim\u00f5es,&hellip; <\/p>\n","protected":false},"author":1,"featured_media":181949,"comment_status":"closed","ping_status":"closed","sticky":false,"template":"","format":"standard","meta":{"sfsi_plus_gutenberg_text_before_share":"","sfsi_plus_gutenberg_show_text_before_share":"","sfsi_plus_gutenberg_icon_type":"","sfsi_plus_gutenberg_icon_alignemt":"","sfsi_plus_gutenburg_max_per_row":"","footnotes":""},"categories":[6],"tags":[],"class_list":["post-181948","post","type-post","status-publish","format-standard","has-post-thumbnail","hentry","category-cidades"],"_links":{"self":[{"href":"https:\/\/www.caririemacao.com\/1\/wp-json\/wp\/v2\/posts\/181948","targetHints":{"allow":["GET"]}}],"collection":[{"href":"https:\/\/www.caririemacao.com\/1\/wp-json\/wp\/v2\/posts"}],"about":[{"href":"https:\/\/www.caririemacao.com\/1\/wp-json\/wp\/v2\/types\/post"}],"author":[{"embeddable":true,"href":"https:\/\/www.caririemacao.com\/1\/wp-json\/wp\/v2\/users\/1"}],"replies":[{"embeddable":true,"href":"https:\/\/www.caririemacao.com\/1\/wp-json\/wp\/v2\/comments?post=181948"}],"version-history":[{"count":1,"href":"https:\/\/www.caririemacao.com\/1\/wp-json\/wp\/v2\/posts\/181948\/revisions"}],"predecessor-version":[{"id":181950,"href":"https:\/\/www.caririemacao.com\/1\/wp-json\/wp\/v2\/posts\/181948\/revisions\/181950"}],"wp:featuredmedia":[{"embeddable":true,"href":"https:\/\/www.caririemacao.com\/1\/wp-json\/wp\/v2\/media\/181949"}],"wp:attachment":[{"href":"https:\/\/www.caririemacao.com\/1\/wp-json\/wp\/v2\/media?parent=181948"}],"wp:term":[{"taxonomy":"category","embeddable":true,"href":"https:\/\/www.caririemacao.com\/1\/wp-json\/wp\/v2\/categories?post=181948"},{"taxonomy":"post_tag","embeddable":true,"href":"https:\/\/www.caririemacao.com\/1\/wp-json\/wp\/v2\/tags?post=181948"}],"curies":[{"name":"wp","href":"https:\/\/api.w.org\/{rel}","templated":true}]}}