{"id":181951,"date":"2020-08-04T09:55:48","date_gmt":"2020-08-04T12:55:48","guid":{"rendered":"https:\/\/www.caririemacao.com\/1\/?p=181951"},"modified":"2020-08-04T09:55:48","modified_gmt":"2020-08-04T12:55:48","slug":"secretaria-de-saude-de-caraubas-divulga-novo-boletim-epidemiologico-2","status":"publish","type":"post","link":"https:\/\/www.caririemacao.com\/1\/2020\/08\/04\/secretaria-de-saude-de-caraubas-divulga-novo-boletim-epidemiologico-2\/","title":{"rendered":"Secret\u00e1ria de Sa\u00fade de Cara\u00fabas divulga novo boletim epidemiol\u00f3gico"},"content":{"rendered":"\n<p> A Prefeitura Municipal de Cara\u00fabas atrav\u00e9s da Secretaria da Sa\u00fade e o Departamento de Vigil\u00e2ncia em sa\u00fade Epidemiol\u00f3gica divulgaram no final da tarde desta segunda-feira o primeiro boletim epidemiol\u00f3gico da semana. Pelos novos n\u00fameros se percebe que o munic\u00edpio n\u00e3o apresentou novos casos da COVID. <\/p>\n\n\n\n<p>Foram notificados 203(duzentos e tres) casos dos quais 164(cento e sessenta e quatro) foram negativados, 05(cinco) casos est\u00e3o sob investiga\u00e7\u00e3o e permanecem os 34(Trinta e quatro) casos confirmados. O destaque do atual boletim fica por conta dos casos curados que teve um aumento, passando para 30(trinta) casos curados. Existem ainda 06(seis) casos em isolamento.<\/p>\n\n\n\n<p> \u00c9 preciso que a popula\u00e7\u00e3o continue colaborando com as determina\u00e7\u00f5es das autoridades sanit\u00e1rias e cumpram com as medidas de isolamento social e de preven\u00e7\u00e3o. Segundo o secret\u00e1rio da sa\u00fade de Cara\u00fabas, Leonardo En\u00e9as Almeida, estamos num est\u00e1gio muito bom, mas que ainda expira cuidados. Nossa curva ascendente est\u00e1 num patamar de estagna\u00e7\u00e3o. \u00c9 importante mantermos os cuidados at\u00e9 que uma vacina possa ser disponibilizada para a popula\u00e7\u00e3o, disse ele.O caso curado \u00e9 de uma jovem de 17 anos da cidade de Cara\u00fabas.<\/p>\n\n\n\n<p><\/p>\n","protected":false},"excerpt":{"rendered":"<p>A Prefeitura Municipal de Cara\u00fabas atrav\u00e9s da Secretaria da Sa\u00fade e o Departamento de Vigil\u00e2ncia em sa\u00fade Epidemiol\u00f3gica divulgaram no final da tarde desta segunda-feira&hellip; <\/p>\n","protected":false},"author":1,"featured_media":181958,"comment_status":"closed","ping_status":"closed","sticky":false,"template":"","format":"standard","meta":{"sfsi_plus_gutenberg_text_before_share":"","sfsi_plus_gutenberg_show_text_before_share":"","sfsi_plus_gutenberg_icon_type":"","sfsi_plus_gutenberg_icon_alignemt":"","sfsi_plus_gutenburg_max_per_row":"","footnotes":""},"categories":[6],"tags":[],"class_list":["post-181951","post","type-post","status-publish","format-standard","has-post-thumbnail","hentry","category-cidades"],"_links":{"self":[{"href":"https:\/\/www.caririemacao.com\/1\/wp-json\/wp\/v2\/posts\/181951","targetHints":{"allow":["GET"]}}],"collection":[{"href":"https:\/\/www.caririemacao.com\/1\/wp-json\/wp\/v2\/posts"}],"about":[{"href":"https:\/\/www.caririemacao.com\/1\/wp-json\/wp\/v2\/types\/post"}],"author":[{"embeddable":true,"href":"https:\/\/www.caririemacao.com\/1\/wp-json\/wp\/v2\/users\/1"}],"replies":[{"embeddable":true,"href":"https:\/\/www.caririemacao.com\/1\/wp-json\/wp\/v2\/comments?post=181951"}],"version-history":[{"count":1,"href":"https:\/\/www.caririemacao.com\/1\/wp-json\/wp\/v2\/posts\/181951\/revisions"}],"predecessor-version":[{"id":181959,"href":"https:\/\/www.caririemacao.com\/1\/wp-json\/wp\/v2\/posts\/181951\/revisions\/181959"}],"wp:featuredmedia":[{"embeddable":true,"href":"https:\/\/www.caririemacao.com\/1\/wp-json\/wp\/v2\/media\/181958"}],"wp:attachment":[{"href":"https:\/\/www.caririemacao.com\/1\/wp-json\/wp\/v2\/media?parent=181951"}],"wp:term":[{"taxonomy":"category","embeddable":true,"href":"https:\/\/www.caririemacao.com\/1\/wp-json\/wp\/v2\/categories?post=181951"},{"taxonomy":"post_tag","embeddable":true,"href":"https:\/\/www.caririemacao.com\/1\/wp-json\/wp\/v2\/tags?post=181951"}],"curies":[{"name":"wp","href":"https:\/\/api.w.org\/{rel}","templated":true}]}}