{"id":181956,"date":"2020-08-04T10:05:43","date_gmt":"2020-08-04T13:05:43","guid":{"rendered":"https:\/\/www.caririemacao.com\/1\/?p=181956"},"modified":"2020-08-04T10:05:43","modified_gmt":"2020-08-04T13:05:43","slug":"deputado-efraim-filho-consegue-liberacao-de-recursos-da-reforma-do-mercado-publico-municipal-de-caraubas","status":"publish","type":"post","link":"https:\/\/www.caririemacao.com\/1\/2020\/08\/04\/deputado-efraim-filho-consegue-liberacao-de-recursos-da-reforma-do-mercado-publico-municipal-de-caraubas\/","title":{"rendered":"Deputado Efraim Filho consegue libera\u00e7\u00e3o de recursos da Reforma do Mercado P\u00fablico Municipal de Cara\u00fabas"},"content":{"rendered":"\n<p>O Deputado Efraim Filho, conseguiu a  libera\u00e7\u00e3o de recursos da Reforma do Mercado P\u00fablico Municipal de Cara\u00fabas. Obra que beneficiar\u00e1 a toda a popula\u00e7\u00e3o caraubense.<\/p>\n\n\n\n<p>De acordo com a prefeitura de Cara\u00fabas, os recursos s\u00e3o referentes a segunda parcela da obra o que representa 70% dos recursos liberados. &#8220;O trabalho n\u00e3o para e a Prefeitura de Cara\u00fabas est\u00e1 trabalhando pensando no Futuro de nossa gente!&#8221;<\/p>\n","protected":false},"excerpt":{"rendered":"<p>O Deputado Efraim Filho, conseguiu a libera\u00e7\u00e3o de recursos da Reforma do Mercado P\u00fablico Municipal de Cara\u00fabas. Obra que beneficiar\u00e1 a toda a popula\u00e7\u00e3o caraubense.&hellip; <\/p>\n","protected":false},"author":1,"featured_media":181962,"comment_status":"closed","ping_status":"closed","sticky":false,"template":"","format":"standard","meta":{"sfsi_plus_gutenberg_text_before_share":"","sfsi_plus_gutenberg_show_text_before_share":"","sfsi_plus_gutenberg_icon_type":"","sfsi_plus_gutenberg_icon_alignemt":"","sfsi_plus_gutenburg_max_per_row":"","footnotes":""},"categories":[6],"tags":[],"class_list":["post-181956","post","type-post","status-publish","format-standard","has-post-thumbnail","hentry","category-cidades"],"_links":{"self":[{"href":"https:\/\/www.caririemacao.com\/1\/wp-json\/wp\/v2\/posts\/181956","targetHints":{"allow":["GET"]}}],"collection":[{"href":"https:\/\/www.caririemacao.com\/1\/wp-json\/wp\/v2\/posts"}],"about":[{"href":"https:\/\/www.caririemacao.com\/1\/wp-json\/wp\/v2\/types\/post"}],"author":[{"embeddable":true,"href":"https:\/\/www.caririemacao.com\/1\/wp-json\/wp\/v2\/users\/1"}],"replies":[{"embeddable":true,"href":"https:\/\/www.caririemacao.com\/1\/wp-json\/wp\/v2\/comments?post=181956"}],"version-history":[{"count":1,"href":"https:\/\/www.caririemacao.com\/1\/wp-json\/wp\/v2\/posts\/181956\/revisions"}],"predecessor-version":[{"id":181963,"href":"https:\/\/www.caririemacao.com\/1\/wp-json\/wp\/v2\/posts\/181956\/revisions\/181963"}],"wp:featuredmedia":[{"embeddable":true,"href":"https:\/\/www.caririemacao.com\/1\/wp-json\/wp\/v2\/media\/181962"}],"wp:attachment":[{"href":"https:\/\/www.caririemacao.com\/1\/wp-json\/wp\/v2\/media?parent=181956"}],"wp:term":[{"taxonomy":"category","embeddable":true,"href":"https:\/\/www.caririemacao.com\/1\/wp-json\/wp\/v2\/categories?post=181956"},{"taxonomy":"post_tag","embeddable":true,"href":"https:\/\/www.caririemacao.com\/1\/wp-json\/wp\/v2\/tags?post=181956"}],"curies":[{"name":"wp","href":"https:\/\/api.w.org\/{rel}","templated":true}]}}