{"id":181970,"date":"2020-08-04T10:17:32","date_gmt":"2020-08-04T13:17:32","guid":{"rendered":"https:\/\/www.caririemacao.com\/1\/?p=181970"},"modified":"2020-08-04T10:17:32","modified_gmt":"2020-08-04T13:17:32","slug":"prefeitura-de-caraubas-convida-populacao-para-assistir-a-transmissao-da-entrega-e-inauguracao-de-importantes-obras-no-municipio","status":"publish","type":"post","link":"https:\/\/www.caririemacao.com\/1\/2020\/08\/04\/prefeitura-de-caraubas-convida-populacao-para-assistir-a-transmissao-da-entrega-e-inauguracao-de-importantes-obras-no-municipio\/","title":{"rendered":"Prefeitura de Cara\u00fabas convida popula\u00e7\u00e3o, para assistir a transmiss\u00e3o da entrega e inaugura\u00e7\u00e3o de importantes obras no munic\u00edpio"},"content":{"rendered":"\n<p>No pr\u00f3ximo s\u00e1bado, dia 8\/8, a partir das 16h., o prefeito Silvano Dudu estar\u00e1 realizando a inaugura\u00e7\u00e3o de importantes obras de infraestrutura do munic\u00edpio. Ser\u00e1 entregues a popula\u00e7\u00e3o os Portais de acesso a cidade, a reforma do Est\u00e1dio Jos\u00e9 Valderi Neves, a primeira quadra aberta do munic\u00edpio no campo de futebol e o letreiro luminoso da cidade, instalado na pra\u00e7a da saudade. <\/p>\n\n\n\n<p>Acompanhe a transmiss\u00e3o on-line que ser\u00e1 realizada simultaneamente pela Caraubas FM Web e pelas midias sociais oficiais da Prefeitura de Cara\u00fabas no facebbok e no instagram. <\/p>\n\n\n\n<p>Acesse: <a href=\"https:\/\/www.facebook.com\/prefeituramunicipaldecaraubas?__cft__[0]=AZXqKHIaH1CGgSyBK5cmWi1OED1d9UCvrvuxze2hbdQd0pwIXDZwwBaaW-WHETuDW-L434cxbgNnvEjvqHNrNlkX_1US78jab3LkpkV8BbOX0AGvm-iOQMpGIsnHgfElBx_82N7NmijxX3Mc4kIPNFscIOJLg7ivO0w1qbg8th24Yg&amp;__tn__=-UK-R\">www.facebook.com\/prefeituramunicipaldecaraubas<\/a> e @seplacom2020<\/p>\n","protected":false},"excerpt":{"rendered":"<p>No pr\u00f3ximo s\u00e1bado, dia 8\/8, a partir das 16h., o prefeito Silvano Dudu estar\u00e1 realizando a inaugura\u00e7\u00e3o de importantes obras de infraestrutura do munic\u00edpio. Ser\u00e1&hellip; <\/p>\n","protected":false},"author":1,"featured_media":181971,"comment_status":"closed","ping_status":"closed","sticky":false,"template":"","format":"standard","meta":{"sfsi_plus_gutenberg_text_before_share":"","sfsi_plus_gutenberg_show_text_before_share":"","sfsi_plus_gutenberg_icon_type":"","sfsi_plus_gutenberg_icon_alignemt":"","sfsi_plus_gutenburg_max_per_row":"","footnotes":""},"categories":[6],"tags":[],"class_list":["post-181970","post","type-post","status-publish","format-standard","has-post-thumbnail","hentry","category-cidades"],"_links":{"self":[{"href":"https:\/\/www.caririemacao.com\/1\/wp-json\/wp\/v2\/posts\/181970","targetHints":{"allow":["GET"]}}],"collection":[{"href":"https:\/\/www.caririemacao.com\/1\/wp-json\/wp\/v2\/posts"}],"about":[{"href":"https:\/\/www.caririemacao.com\/1\/wp-json\/wp\/v2\/types\/post"}],"author":[{"embeddable":true,"href":"https:\/\/www.caririemacao.com\/1\/wp-json\/wp\/v2\/users\/1"}],"replies":[{"embeddable":true,"href":"https:\/\/www.caririemacao.com\/1\/wp-json\/wp\/v2\/comments?post=181970"}],"version-history":[{"count":1,"href":"https:\/\/www.caririemacao.com\/1\/wp-json\/wp\/v2\/posts\/181970\/revisions"}],"predecessor-version":[{"id":181973,"href":"https:\/\/www.caririemacao.com\/1\/wp-json\/wp\/v2\/posts\/181970\/revisions\/181973"}],"wp:featuredmedia":[{"embeddable":true,"href":"https:\/\/www.caririemacao.com\/1\/wp-json\/wp\/v2\/media\/181971"}],"wp:attachment":[{"href":"https:\/\/www.caririemacao.com\/1\/wp-json\/wp\/v2\/media?parent=181970"}],"wp:term":[{"taxonomy":"category","embeddable":true,"href":"https:\/\/www.caririemacao.com\/1\/wp-json\/wp\/v2\/categories?post=181970"},{"taxonomy":"post_tag","embeddable":true,"href":"https:\/\/www.caririemacao.com\/1\/wp-json\/wp\/v2\/tags?post=181970"}],"curies":[{"name":"wp","href":"https:\/\/api.w.org\/{rel}","templated":true}]}}