{"id":181972,"date":"2020-08-04T10:19:05","date_gmt":"2020-08-04T13:19:05","guid":{"rendered":"https:\/\/www.caririemacao.com\/1\/?p=181972"},"modified":"2020-08-04T10:19:05","modified_gmt":"2020-08-04T13:19:05","slug":"joao-azevedo-entrega-centro-de-acolhimento-e-isolamento-social-destinado-a-pessoas-com-sintomas-leves-de-covid-19","status":"publish","type":"post","link":"https:\/\/www.caririemacao.com\/1\/2020\/08\/04\/joao-azevedo-entrega-centro-de-acolhimento-e-isolamento-social-destinado-a-pessoas-com-sintomas-leves-de-covid-19\/","title":{"rendered":"Jo\u00e3o Azev\u00eado entrega Centro de Acolhimento e Isolamento Social destinado a pessoas com sintomas leves de Covid-19"},"content":{"rendered":"\n<h1 class=\"wp-block-heading\"><br><\/h1>\n\n\n\n<p>O governador Jo\u00e3o Azev\u00eado entregou, nesta segunda-feira (3), o Centro de Acolhimento e Isolamento Social (Cais), destinado ao atendimento de moradores de comunidades carentes com sintomas leves da Covid-19. A estrutura foi montada no pr\u00e9dio da Escola Estadual Linduarte Noronha, no Loteamento Colinas do Sul, bairro Gramame, em Jo\u00e3o Pessoa, e tem capacidade para acolher 70 pessoas encaminhadas pelas Unidades B\u00e1sicas de Sa\u00fade (UBSs). No local, elas ter\u00e3o o apoio de assistentes sociais, cuidadores e acompanhamento m\u00e9dico via telemedicina, e ter\u00e3o condi\u00e7\u00f5es de fazer o isolamento social, evitando que o v\u00edrus se espalhe pela comunidade.<\/p>\n\n\n\n<p>O Centro \u00e9 resultado de uma parceria com a Funda\u00e7\u00e3o Ita\u00fa e dever\u00e1 funcionar por 60 dias, podendo ser prorrogado por mais 30 dias, no pr\u00e9dio da escola Linduarte Noronha, que estava fechada por conta da suspens\u00e3o das aulas, ocasionada pela pandemia do coronav\u00edrus. Al\u00e9m da assist\u00eancia em sa\u00fade e social, as pessoas receber\u00e3o cinco refei\u00e7\u00f5es, diariamente, preparadas por fornecedores locais, viabilizando a gera\u00e7\u00e3o de renda para a comunidade.<\/p>\n\n\n\n<p>Na ocasi\u00e3o, o governador Jo\u00e3o Azev\u00eado ressaltou o trabalho conjunto realizado pelo Governo do Estado e a Funda\u00e7\u00e3o Ita\u00fa, beneficiando pessoas em situa\u00e7\u00e3o de vulnerabilidade social. \u201cOs cidad\u00e3os e cidad\u00e3s que n\u00e3o ir\u00e3o precisar de interna\u00e7\u00e3o hospitalar, ter\u00e3o no local toda a assist\u00eancia de sa\u00fade, psicol\u00f3gica e alimentar e poder\u00e3o proteger seus familiares. Essa \u00e9 mais uma a\u00e7\u00e3o importante do Governo do Estado, que desde o in\u00edcio da pandemia, n\u00e3o descuidou do trabalho de abrir novos leitos de enfermaria e de UTI, mas se preocupou com a quest\u00e3o social e assegurou a distribui\u00e7\u00e3o de cestas b\u00e1sicas, a aquisi\u00e7\u00e3o de alimentos da agricultura familiar, o aumento das refei\u00e7\u00f5es nos restaurantes populares e do valor do cart\u00e3o alimenta\u00e7\u00e3o e o repasse de recursos para institui\u00e7\u00f5es de Longa Perman\u00eancia e para munic\u00edpios, que se somam a mais esse investimento entregue hoje\u201d, salientou.<\/p>\n\n\n\n<p>O secret\u00e1rio de Estado do Desenvolvimento Humano, Tib\u00e9rio Limeira, evidenciou a import\u00e2ncia da iniciativa da gest\u00e3o estadual em parceria com o Todos Pela Sa\u00fade, da Funda\u00e7\u00e3o Ita\u00fa. \u201cN\u00f3s entregamos a Jo\u00e3o Pessoa um espa\u00e7o muito importante nesse enfrentamento ao coronav\u00edrus, o que ir\u00e1 gerar a oportunidade de reduzir a velocidade de contamina\u00e7\u00e3o nos ambientes mais vulner\u00e1veis, onde a quest\u00e3o econ\u00f4mica pesa muito. N\u00f3s vamos fazer com que as pessoas que, infelizmente, foram contaminadas saiam de um ambiente de alta densidade populacional e venham para o Centro de Acolhimento Social para que ela possa passar seu per\u00edodo de isolamento, tendo as refei\u00e7\u00f5es garantidas, \u00e1rea de lazer e conviv\u00eancia e acompanhamento, protegendo tamb\u00e9m quem ficou em casa\u201d, falou.<\/p>\n\n\n\n<p>O secret\u00e1rio de Estado da Educa\u00e7\u00e3o, Ci\u00eancia e Tecnologia, Cl\u00e1udio Furtado, afirmou que Jo\u00e3o Pessoa ser\u00e1 duplamente beneficiada com a a\u00e7\u00e3o social. \u201cA partir do momento que a Funda\u00e7\u00e3o Ita\u00fa entrou em contato com a gente a respeito desse atendimento, vimos com bons olhos porque al\u00e9m de oferecer um servi\u00e7o para a comunidade, ser\u00e1 deixado um legado para a escola por conta da melhoria que foi realizada em sua infraestrutura, com novos banheiros e forros, para que quando as aulas voltarem, a gente ofere\u00e7a um ambiente melhor aos alunos e profissionais\u201d, sustentou.<\/p>\n\n\n\n<p>O representante da Funda\u00e7\u00e3o Ita\u00fa e Asas\/Cejam, Ely Hollen, afirmou que toda a equipe envolvida no acolhimento \u00e0s pessoas diagnosticadas com o novo v\u00edrus j\u00e1 est\u00e1 pronta para iniciar os trabalhos a partir de hoje. \u201cFoi feita uma substancial reforma no pr\u00e9dio, um legado que fica para a escola, e uma adapta\u00e7\u00e3o para receber residentes com Covid confirmada e com sintomas leves, que ficar\u00e3o aqui durante a quarentena. Acreditamos que esta semana j\u00e1 tenhamos as 70 pessoas que receber\u00e3o todos os cuidados, al\u00e9m de seguran\u00e7a e monitoramento durante todo o dia\u201d, explicou.<\/p>\n\n\n\n<p>O coordenador nacional do projeto do Cais, Marcos Soares, destacou que a a\u00e7\u00e3o representa a uni\u00e3o de for\u00e7as da iniciativa privada e do poder p\u00fablico para prestar um servi\u00e7o qualificado \u00e0s pessoas em situa\u00e7\u00e3o de vulnerabilidade social. \u201cO projeto, que j\u00e1 est\u00e1 em oito Estados, atende uma lacuna importante no atendimento aos indiv\u00edduos com Covid, posto que uma pessoa que tem o v\u00edrus, mas sem apresentar um quadro moderado ou grave, pode retornar a sua casa e ficar em isolamento social, de acordo com os protocolos, o que \u00e9 poss\u00edvel em determinadas realidades, mas, em determinados locais de extrema vulnerabilidade social, isso \u00e9 completamente invi\u00e1vel. A Funda\u00e7\u00e3o Ita\u00fa tamb\u00e9m fez a entrega de 5.700 testes moleculares \u00e0 Secretaria de Sa\u00fade Municipal, que ser\u00e3o aplicados nas UBSs e, uma vez que o indiv\u00edduo for testado positivo e se encaixar no perfil do programa, ser\u00e1 encaminhado para o Cais pelas unidades de sa\u00fade\u201d, disse.<\/p>\n","protected":false},"excerpt":{"rendered":"<p>O governador Jo\u00e3o Azev\u00eado entregou, nesta segunda-feira (3), o Centro de Acolhimento e Isolamento Social (Cais), destinado ao atendimento de moradores de comunidades carentes com&hellip; <\/p>\n","protected":false},"author":2,"featured_media":181974,"comment_status":"closed","ping_status":"closed","sticky":false,"template":"","format":"standard","meta":{"sfsi_plus_gutenberg_text_before_share":"","sfsi_plus_gutenberg_show_text_before_share":"","sfsi_plus_gutenberg_icon_type":"","sfsi_plus_gutenberg_icon_alignemt":"","sfsi_plus_gutenburg_max_per_row":"","footnotes":""},"categories":[2],"tags":[],"class_list":["post-181972","post","type-post","status-publish","format-standard","has-post-thumbnail","hentry","category-geral"],"_links":{"self":[{"href":"https:\/\/www.caririemacao.com\/1\/wp-json\/wp\/v2\/posts\/181972","targetHints":{"allow":["GET"]}}],"collection":[{"href":"https:\/\/www.caririemacao.com\/1\/wp-json\/wp\/v2\/posts"}],"about":[{"href":"https:\/\/www.caririemacao.com\/1\/wp-json\/wp\/v2\/types\/post"}],"author":[{"embeddable":true,"href":"https:\/\/www.caririemacao.com\/1\/wp-json\/wp\/v2\/users\/2"}],"replies":[{"embeddable":true,"href":"https:\/\/www.caririemacao.com\/1\/wp-json\/wp\/v2\/comments?post=181972"}],"version-history":[{"count":1,"href":"https:\/\/www.caririemacao.com\/1\/wp-json\/wp\/v2\/posts\/181972\/revisions"}],"predecessor-version":[{"id":181975,"href":"https:\/\/www.caririemacao.com\/1\/wp-json\/wp\/v2\/posts\/181972\/revisions\/181975"}],"wp:featuredmedia":[{"embeddable":true,"href":"https:\/\/www.caririemacao.com\/1\/wp-json\/wp\/v2\/media\/181974"}],"wp:attachment":[{"href":"https:\/\/www.caririemacao.com\/1\/wp-json\/wp\/v2\/media?parent=181972"}],"wp:term":[{"taxonomy":"category","embeddable":true,"href":"https:\/\/www.caririemacao.com\/1\/wp-json\/wp\/v2\/categories?post=181972"},{"taxonomy":"post_tag","embeddable":true,"href":"https:\/\/www.caririemacao.com\/1\/wp-json\/wp\/v2\/tags?post=181972"}],"curies":[{"name":"wp","href":"https:\/\/api.w.org\/{rel}","templated":true}]}}