{"id":181996,"date":"2020-08-04T10:37:31","date_gmt":"2020-08-04T13:37:31","guid":{"rendered":"https:\/\/www.caririemacao.com\/1\/?p=181996"},"modified":"2020-08-04T10:37:31","modified_gmt":"2020-08-04T13:37:31","slug":"boletim-covid-19-de-monteiro-informa-sobre-nove-novos-casos-positivos-12-recuperados","status":"publish","type":"post","link":"https:\/\/www.caririemacao.com\/1\/2020\/08\/04\/boletim-covid-19-de-monteiro-informa-sobre-nove-novos-casos-positivos-12-recuperados\/","title":{"rendered":"Boletim Covid-19 de Monteiro informa sobre nove novos casos positivos 12 recuperados"},"content":{"rendered":"\n<h1 class=\"wp-block-heading\"><\/h1>\n\n\n\n<hr class=\"wp-block-separator\"\/>\n\n\n\n<p><a href=\"https:\/\/www.facebook.com\/sharer.php?u=https%3A%2F%2Fwww.vitrinedocariri.com.br%2F2020%2F08%2Fboletim-covid-19-de-monteiro-informa-sobre-nove-novos-casos-positivos-12-recuperados%2F\" target=\"_blank\" rel=\"noreferrer noopener\"><\/a><a href=\"https:\/\/twitter.com\/share?url=https%3A%2F%2Fwww.vitrinedocariri.com.br%2F2020%2F08%2Fboletim-covid-19-de-monteiro-informa-sobre-nove-novos-casos-positivos-12-recuperados%2F&amp;text=Acabei%20de%20ver%20Boletim%20Covid-19%20de%20Monteiro%20informa%20sobre%20nove%20novos%20casos%20positivos%2012%20recuperados%20-%20Clique%20para%20ver%20tamb%C3%A9m%20%E2%98%9B%20\" target=\"_blank\" rel=\"noreferrer noopener\"><\/a><a href=\"\/\/send?text=Boletim%20Covid-19%20de%20Monteiro%20informa%20sobre%20nove%20novos%20casos%20positivos%2012%20recuperados%20%E2%98%9B%20https%3A%2F%2Fwww.vitrinedocariri.com.br%2F2020%2F08%2Fboletim-covid-19-de-monteiro-informa-sobre-nove-novos-casos-positivos-12-recuperados%2F\" target=\"_blank\" rel=\"noreferrer noopener\"><\/a><a href=\"javascript:void(0);\"><\/a><\/p>\n\n\n\n<p>A Secretaria Municipal de Sa\u00fade de Monteiro informa que nesta Segunda-feira, 03, tivemos mais 09 (nove) novos casos CONFIRMADOS para Covid-19.<\/p>\n\n\n\n<p>Sendo 06 (seis) casos de 13, 14, 24, 32, 40 e 90 anos, sexo feminino e 03 (tr\u00eas) casos 31, 45 e 51 anos, sexo masculino. Todos permanecem em isolamento domiciliar, acompanhados pela Vigil\u00e2ncia em Sa\u00fade do Munic\u00edpio.<\/p>\n\n\n\n<p>Atestamos que nesta data foram registrados mais 12 casos RECUPERADOS, totalizando, 218 casos recuperados da COVID 19.<\/p>\n\n\n\n<p><img decoding=\"async\" alt=\"&#x26a0;\" data-src=\"https:\/\/s.w.org\/images\/core\/emoji\/12.0.0-1\/svg\/26a0.svg\" src=\"data:image\/svg+xml;base64,PHN2ZyB3aWR0aD0iMSIgaGVpZ2h0PSIxIiB4bWxucz0iaHR0cDovL3d3dy53My5vcmcvMjAwMC9zdmciPjwvc3ZnPg==\" class=\"lazyload\">Refor\u00e7amos a import\u00e2ncia de toda popula\u00e7\u00e3o seguir as orienta\u00e7\u00f5es do distanciamento social, o uso de m\u00e1scaras, a higieniza\u00e7\u00e3o das m\u00e3os com \u00e1lcool 70% e demais medidas apresentadas pela Secretaria de Sa\u00fade.<\/p>\n","protected":false},"excerpt":{"rendered":"<p>A Secretaria Municipal de Sa\u00fade de Monteiro informa que nesta Segunda-feira, 03, tivemos mais 09 (nove) novos casos CONFIRMADOS para Covid-19. Sendo 06 (seis) casos&hellip; <\/p>\n","protected":false},"author":2,"featured_media":181997,"comment_status":"closed","ping_status":"closed","sticky":false,"template":"","format":"standard","meta":{"sfsi_plus_gutenberg_text_before_share":"","sfsi_plus_gutenberg_show_text_before_share":"","sfsi_plus_gutenberg_icon_type":"","sfsi_plus_gutenberg_icon_alignemt":"","sfsi_plus_gutenburg_max_per_row":"","footnotes":""},"categories":[2],"tags":[],"class_list":["post-181996","post","type-post","status-publish","format-standard","has-post-thumbnail","hentry","category-geral"],"_links":{"self":[{"href":"https:\/\/www.caririemacao.com\/1\/wp-json\/wp\/v2\/posts\/181996","targetHints":{"allow":["GET"]}}],"collection":[{"href":"https:\/\/www.caririemacao.com\/1\/wp-json\/wp\/v2\/posts"}],"about":[{"href":"https:\/\/www.caririemacao.com\/1\/wp-json\/wp\/v2\/types\/post"}],"author":[{"embeddable":true,"href":"https:\/\/www.caririemacao.com\/1\/wp-json\/wp\/v2\/users\/2"}],"replies":[{"embeddable":true,"href":"https:\/\/www.caririemacao.com\/1\/wp-json\/wp\/v2\/comments?post=181996"}],"version-history":[{"count":1,"href":"https:\/\/www.caririemacao.com\/1\/wp-json\/wp\/v2\/posts\/181996\/revisions"}],"predecessor-version":[{"id":181998,"href":"https:\/\/www.caririemacao.com\/1\/wp-json\/wp\/v2\/posts\/181996\/revisions\/181998"}],"wp:featuredmedia":[{"embeddable":true,"href":"https:\/\/www.caririemacao.com\/1\/wp-json\/wp\/v2\/media\/181997"}],"wp:attachment":[{"href":"https:\/\/www.caririemacao.com\/1\/wp-json\/wp\/v2\/media?parent=181996"}],"wp:term":[{"taxonomy":"category","embeddable":true,"href":"https:\/\/www.caririemacao.com\/1\/wp-json\/wp\/v2\/categories?post=181996"},{"taxonomy":"post_tag","embeddable":true,"href":"https:\/\/www.caririemacao.com\/1\/wp-json\/wp\/v2\/tags?post=181996"}],"curies":[{"name":"wp","href":"https:\/\/api.w.org\/{rel}","templated":true}]}}