{"id":182002,"date":"2020-08-04T10:41:42","date_gmt":"2020-08-04T13:41:42","guid":{"rendered":"https:\/\/www.caririemacao.com\/1\/?p=182002"},"modified":"2020-08-04T10:41:42","modified_gmt":"2020-08-04T13:41:42","slug":"ifpb-campus-monteiro-iniciara-ensino-nao-presencial","status":"publish","type":"post","link":"https:\/\/www.caririemacao.com\/1\/2020\/08\/04\/ifpb-campus-monteiro-iniciara-ensino-nao-presencial\/","title":{"rendered":"IFPB campus Monteiro iniciar\u00e1 ensino n\u00e3o-presencial"},"content":{"rendered":"\n<h1 class=\"wp-block-heading\"><\/h1>\n\n\n\n<p>No pr\u00f3ximo dia 17\/08\/2020, o IFPB campus Monteiro inicia a oferta de Atividades de Ensino N\u00e3o-Presenciais (AENP\u2019s) com a apresenta\u00e7\u00e3o aos estudantes e professores do Ambiente Virtual de Aprendizagem (AVA) que ser\u00e1 utilizado, o Google Sala de Aula.<\/p>\n\n\n\n<p>Os estudantes precisam ter o e-mail acad\u00eamico, crie ou regularize seu e-mail, este ser\u00e1 canal para as AENP\u2019s. As orienta\u00e7\u00f5es de como fazer&nbsp;<a href=\"https:\/\/www.ifpb.edu.br\/ti\/catalogo-de-servicos-de-ti\/servicos-de-rede\/e-mail-academico_copy\" target=\"_blank\" rel=\"noreferrer noopener\">clique aqui<\/a>.<\/p>\n\n\n\n<p>O campus Monteiro ofertou 160 vagas para o Acesso Digital dos Estudantes atrav\u00e9s do Edital 18\/2020 com previs\u00e3o do primeiro pagamento a partir do dia 05\/08\/2020, para esse recebimento o estudante dever\u00e1 inserir no SUAP o&nbsp;<strong>Termo de Compromisso<\/strong>&nbsp;(modelo constante no Anexo II do Edital 18\/2020) e os dados banc\u00e1rios at\u00e9 o dia&nbsp;<strong>10\/08\/2020<\/strong>.&nbsp;Encontra-se aberto o&nbsp;<strong>Edital 20\/2020<\/strong>&nbsp;de vagas remanescentes,&nbsp;<a href=\"https:\/\/www.ifpb.edu.br\/editais\/direcao-geral\/2020\/edital-dg-20-2020-auxilio-emergencial-de-inclusao-digital-vagas-remanescentes-do-edital-018-2020\/edital-20-2020-auxilio-emergencial-de-inclusao-digital-vagas-remanescentes.pdf\" target=\"_blank\" rel=\"noreferrer noopener\">clique aqui<\/a>.<\/p>\n\n\n\n<p>Iniciaremos com uma ambienta\u00e7\u00e3o para apresenta\u00e7\u00e3o da plataforma de ensino que ser\u00e1 utilizada, Google Sala de Aula, divulga\u00e7\u00e3o de calend\u00e1rio e hor\u00e1rio das atividades com apresenta\u00e7\u00e3o da metodologia. A&nbsp;equipe multidisciplinar estar\u00e1 presente para orienta\u00e7\u00f5es e esclarecimentos.<\/p>\n\n\n\n<p>A ambienta\u00e7\u00e3o de docentes e discentes ser\u00e1 desenvolvida por meio de atividades n\u00e3o-presenciais, para a familiariza\u00e7\u00e3o com o uso das ferramentas de TIC\u2019s adotadas pelos docentes em seus componentes curriculares.<\/p>\n\n\n\n<p>Ser\u00e3o realizadas reuni\u00f5es com os representantes de turmas e dos colegiados e com pais e respons\u00e1veis, participem:<\/p>\n\n\n\n<p><strong>11\/08\/2020 (ter\u00e7a-feira)<\/strong>&nbsp;\u2013 \u00e0s 15h (Representantes de turma e dos colegiados)<\/p>\n\n\n\n<p><strong>13\/08\/2020 (quinta-feira)<\/strong>&nbsp;\u2013 \u00e0s 18h (Pais, respons\u00e1veis e estudantes)<\/p>\n","protected":false},"excerpt":{"rendered":"<p>No pr\u00f3ximo dia 17\/08\/2020, o IFPB campus Monteiro inicia a oferta de Atividades de Ensino N\u00e3o-Presenciais (AENP\u2019s) com a apresenta\u00e7\u00e3o aos estudantes e professores do&hellip; <\/p>\n","protected":false},"author":2,"featured_media":182004,"comment_status":"closed","ping_status":"closed","sticky":false,"template":"","format":"standard","meta":{"sfsi_plus_gutenberg_text_before_share":"","sfsi_plus_gutenberg_show_text_before_share":"","sfsi_plus_gutenberg_icon_type":"","sfsi_plus_gutenberg_icon_alignemt":"","sfsi_plus_gutenburg_max_per_row":"","footnotes":""},"categories":[14],"tags":[],"class_list":["post-182002","post","type-post","status-publish","format-standard","has-post-thumbnail","hentry","category-educacao"],"_links":{"self":[{"href":"https:\/\/www.caririemacao.com\/1\/wp-json\/wp\/v2\/posts\/182002","targetHints":{"allow":["GET"]}}],"collection":[{"href":"https:\/\/www.caririemacao.com\/1\/wp-json\/wp\/v2\/posts"}],"about":[{"href":"https:\/\/www.caririemacao.com\/1\/wp-json\/wp\/v2\/types\/post"}],"author":[{"embeddable":true,"href":"https:\/\/www.caririemacao.com\/1\/wp-json\/wp\/v2\/users\/2"}],"replies":[{"embeddable":true,"href":"https:\/\/www.caririemacao.com\/1\/wp-json\/wp\/v2\/comments?post=182002"}],"version-history":[{"count":1,"href":"https:\/\/www.caririemacao.com\/1\/wp-json\/wp\/v2\/posts\/182002\/revisions"}],"predecessor-version":[{"id":182005,"href":"https:\/\/www.caririemacao.com\/1\/wp-json\/wp\/v2\/posts\/182002\/revisions\/182005"}],"wp:featuredmedia":[{"embeddable":true,"href":"https:\/\/www.caririemacao.com\/1\/wp-json\/wp\/v2\/media\/182004"}],"wp:attachment":[{"href":"https:\/\/www.caririemacao.com\/1\/wp-json\/wp\/v2\/media?parent=182002"}],"wp:term":[{"taxonomy":"category","embeddable":true,"href":"https:\/\/www.caririemacao.com\/1\/wp-json\/wp\/v2\/categories?post=182002"},{"taxonomy":"post_tag","embeddable":true,"href":"https:\/\/www.caririemacao.com\/1\/wp-json\/wp\/v2\/tags?post=182002"}],"curies":[{"name":"wp","href":"https:\/\/api.w.org\/{rel}","templated":true}]}}