{"id":182003,"date":"2020-08-04T10:51:07","date_gmt":"2020-08-04T13:51:07","guid":{"rendered":"https:\/\/www.caririemacao.com\/1\/?p=182003"},"modified":"2020-08-04T10:51:07","modified_gmt":"2020-08-04T13:51:07","slug":"prefeitura-de-sao-jose-dos-cordeiros-emite-novo-decreto-mantendo-as-medidas-restritivas-contra-a-covid-19","status":"publish","type":"post","link":"https:\/\/www.caririemacao.com\/1\/2020\/08\/04\/prefeitura-de-sao-jose-dos-cordeiros-emite-novo-decreto-mantendo-as-medidas-restritivas-contra-a-covid-19\/","title":{"rendered":"Prefeitura de S\u00e3o Jos\u00e9 dos Cordeiros emite novo decreto mantendo as medidas restritivas contra a Covid-19"},"content":{"rendered":"\n<p>A Prefeitura de S\u00e3o Jos\u00e9 dos Cordeiros baixou um novo decreto, em que mant\u00e9m as medidas restritivas de controle da pandemia Covid-19. <\/p>\n\n\n\n<p>A prefeitura determinou uso de m\u00e1scaras pelos cordeirenses em todos os lugares, sejam espa\u00e7os p\u00fablicos ou privados.<\/p>\n\n\n\n<p>&#8220;Use a m\u00e1scara! Ela salva!&#8221;<\/p>\n","protected":false},"excerpt":{"rendered":"<p>A Prefeitura de S\u00e3o Jos\u00e9 dos Cordeiros baixou um novo decreto, em que mant\u00e9m as medidas restritivas de controle da pandemia Covid-19. A prefeitura determinou&hellip; <\/p>\n","protected":false},"author":1,"featured_media":182009,"comment_status":"closed","ping_status":"closed","sticky":false,"template":"","format":"standard","meta":{"sfsi_plus_gutenberg_text_before_share":"","sfsi_plus_gutenberg_show_text_before_share":"","sfsi_plus_gutenberg_icon_type":"","sfsi_plus_gutenberg_icon_alignemt":"","sfsi_plus_gutenburg_max_per_row":"","footnotes":""},"categories":[6],"tags":[],"class_list":["post-182003","post","type-post","status-publish","format-standard","has-post-thumbnail","hentry","category-cidades"],"_links":{"self":[{"href":"https:\/\/www.caririemacao.com\/1\/wp-json\/wp\/v2\/posts\/182003","targetHints":{"allow":["GET"]}}],"collection":[{"href":"https:\/\/www.caririemacao.com\/1\/wp-json\/wp\/v2\/posts"}],"about":[{"href":"https:\/\/www.caririemacao.com\/1\/wp-json\/wp\/v2\/types\/post"}],"author":[{"embeddable":true,"href":"https:\/\/www.caririemacao.com\/1\/wp-json\/wp\/v2\/users\/1"}],"replies":[{"embeddable":true,"href":"https:\/\/www.caririemacao.com\/1\/wp-json\/wp\/v2\/comments?post=182003"}],"version-history":[{"count":1,"href":"https:\/\/www.caririemacao.com\/1\/wp-json\/wp\/v2\/posts\/182003\/revisions"}],"predecessor-version":[{"id":182010,"href":"https:\/\/www.caririemacao.com\/1\/wp-json\/wp\/v2\/posts\/182003\/revisions\/182010"}],"wp:featuredmedia":[{"embeddable":true,"href":"https:\/\/www.caririemacao.com\/1\/wp-json\/wp\/v2\/media\/182009"}],"wp:attachment":[{"href":"https:\/\/www.caririemacao.com\/1\/wp-json\/wp\/v2\/media?parent=182003"}],"wp:term":[{"taxonomy":"category","embeddable":true,"href":"https:\/\/www.caririemacao.com\/1\/wp-json\/wp\/v2\/categories?post=182003"},{"taxonomy":"post_tag","embeddable":true,"href":"https:\/\/www.caririemacao.com\/1\/wp-json\/wp\/v2\/tags?post=182003"}],"curies":[{"name":"wp","href":"https:\/\/api.w.org\/{rel}","templated":true}]}}