{"id":182012,"date":"2020-08-04T11:47:21","date_gmt":"2020-08-04T14:47:21","guid":{"rendered":"https:\/\/www.caririemacao.com\/1\/?p=182012"},"modified":"2020-08-04T12:21:22","modified_gmt":"2020-08-04T15:21:22","slug":"camara-de-vereadores-de-sume-realizara-sessao-nesta-terca-feira-04","status":"publish","type":"post","link":"https:\/\/www.caririemacao.com\/1\/2020\/08\/04\/camara-de-vereadores-de-sume-realizara-sessao-nesta-terca-feira-04\/","title":{"rendered":"C\u00e2mara de Vereadores de Sum\u00e9 realizar\u00e1 sess\u00e3o nesta ter\u00e7a-feira 04"},"content":{"rendered":"\n<p>O presidente da C\u00e2mara de Vereadores de Sum\u00e9, Le\u00f4nidas Albino conhecido como Bomba, informa que haver\u00e1 reuni\u00e3o nesta ter\u00e7a-feira, a partir das 19h.<\/p>\n\n\n\n<p>A C\u00e2mara de Vereadores de Sum\u00e9 realizar\u00e1 na noite desta ter\u00e7a-feira (04), uma reuni\u00e3o para discutir projetos e requerimentos. A sess\u00e3o contar\u00e1 com todas as medidas necess\u00e1rias conforme as orienta\u00e7\u00f5es dos \u00f3rg\u00e3os de sa\u00fade. <\/p>\n\n\n\n<p>Na oportunidade, os vereadores estar\u00e3o de m\u00e1scaras e utilizando \u00e1lcool gel 70%.<\/p>\n","protected":false},"excerpt":{"rendered":"<p>O presidente da C\u00e2mara de Vereadores de Sum\u00e9, Le\u00f4nidas Albino conhecido como Bomba, informa que haver\u00e1 reuni\u00e3o nesta ter\u00e7a-feira, a partir das 19h. A C\u00e2mara&hellip; <\/p>\n","protected":false},"author":1,"featured_media":182018,"comment_status":"closed","ping_status":"closed","sticky":false,"template":"","format":"standard","meta":{"sfsi_plus_gutenberg_text_before_share":"","sfsi_plus_gutenberg_show_text_before_share":"","sfsi_plus_gutenberg_icon_type":"","sfsi_plus_gutenberg_icon_alignemt":"","sfsi_plus_gutenburg_max_per_row":"","footnotes":""},"categories":[6],"tags":[],"class_list":["post-182012","post","type-post","status-publish","format-standard","has-post-thumbnail","hentry","category-cidades"],"_links":{"self":[{"href":"https:\/\/www.caririemacao.com\/1\/wp-json\/wp\/v2\/posts\/182012","targetHints":{"allow":["GET"]}}],"collection":[{"href":"https:\/\/www.caririemacao.com\/1\/wp-json\/wp\/v2\/posts"}],"about":[{"href":"https:\/\/www.caririemacao.com\/1\/wp-json\/wp\/v2\/types\/post"}],"author":[{"embeddable":true,"href":"https:\/\/www.caririemacao.com\/1\/wp-json\/wp\/v2\/users\/1"}],"replies":[{"embeddable":true,"href":"https:\/\/www.caririemacao.com\/1\/wp-json\/wp\/v2\/comments?post=182012"}],"version-history":[{"count":2,"href":"https:\/\/www.caririemacao.com\/1\/wp-json\/wp\/v2\/posts\/182012\/revisions"}],"predecessor-version":[{"id":182020,"href":"https:\/\/www.caririemacao.com\/1\/wp-json\/wp\/v2\/posts\/182012\/revisions\/182020"}],"wp:featuredmedia":[{"embeddable":true,"href":"https:\/\/www.caririemacao.com\/1\/wp-json\/wp\/v2\/media\/182018"}],"wp:attachment":[{"href":"https:\/\/www.caririemacao.com\/1\/wp-json\/wp\/v2\/media?parent=182012"}],"wp:term":[{"taxonomy":"category","embeddable":true,"href":"https:\/\/www.caririemacao.com\/1\/wp-json\/wp\/v2\/categories?post=182012"},{"taxonomy":"post_tag","embeddable":true,"href":"https:\/\/www.caririemacao.com\/1\/wp-json\/wp\/v2\/tags?post=182012"}],"curies":[{"name":"wp","href":"https:\/\/api.w.org\/{rel}","templated":true}]}}