{"id":182021,"date":"2020-08-04T13:45:47","date_gmt":"2020-08-04T16:45:47","guid":{"rendered":"https:\/\/www.caririemacao.com\/1\/?p=182021"},"modified":"2020-08-04T13:45:47","modified_gmt":"2020-08-04T16:45:47","slug":"apesar-da-pandemia-lei-estadual-garante-feriado-de-5-de-agosto-em-toda-a-paraiba-2","status":"publish","type":"post","link":"https:\/\/www.caririemacao.com\/1\/2020\/08\/04\/apesar-da-pandemia-lei-estadual-garante-feriado-de-5-de-agosto-em-toda-a-paraiba-2\/","title":{"rendered":"Apesar da pandemia, lei estadual garante feriado de 5 de agosto em toda a Para\u00edba"},"content":{"rendered":"\n<h1 class=\"wp-block-heading\"><\/h1>\n\n\n\n<p>Quando se aproxima o dia 5 de agosto (funda\u00e7\u00e3o da cidade de Jo\u00e3o Pessoa) sempre surge a d\u00favida se \u00e9 feriado municipal ou estadual. Com a pandemia, muitas pessoas ainda est\u00e3o em &#8216;home office&#8217; ou mesmo j\u00e1 perderam a no\u00e7\u00e3o do passar dos dias.&nbsp;No entanto, h\u00e1 4 anos, a data se tornou feriado estadual conforme a lei n\u00ba 10.601, de 16 de dezembro de 2015. Essa norma instituiu o dia como a data magna do Estado como disp\u00f5e o artigo 1\u00ba, inciso II, da lei federal n\u00ba 9.903\/95, que fixa uma data como a magna estadual a partir da san\u00e7\u00e3o de uma lei.&nbsp;<\/p>\n\n\n\n<p>Antes de ser institu\u00edda a data magna, o feriado de 5 de agosto era apenas municipal. Com essa lei acabou a&nbsp;pol\u00eamica a respeito da&nbsp;data magna do Estado da Para\u00edba, j\u00e1 que somente em Jo\u00e3o Pessoa era decretado feriado. Portanto, n\u00e3o \u00e9 apenas o anivers\u00e1rio da cidade de Jo\u00e3o Pessoa e Dia de Nossa Senhora das Neves (padroeira da Capital paraibana), mas o dia \u00e9 celebrado&nbsp;como um marco da funda\u00e7\u00e3o do Estado da Para\u00edba.<\/p>\n\n\n\n<p>Apesar de em 1967, o governador Jo\u00e3o Agripino ter sancionado a lei n\u00ba 3.489, de 30 de agosto, que institu\u00eda os s\u00edmbolos do Estado (bandeira, armas, hino, solo) e tamb\u00e9m o dia 5 de agosto como feriado estadual em comemora\u00e7\u00e3o \u00e0 funda\u00e7\u00e3o da Para\u00edba, a lei era descumprida por alguns munic\u00edpios, apesar desta lei nunca ter sido revogada.&nbsp;&nbsp;<\/p>\n\n\n\n<p>J\u00e1 em 1995, Fernando Henrique Cardoso&nbsp;sancionou a lei n\u00ba 9.093 que determinava que os estados, por meio de leis,&nbsp;considerassem&nbsp;feriados&nbsp;civis como datas magnas. Nesse sentido que em 2015, uma nova lei foi votada na Assembleia Legislativa da Para\u00edba (ALPB) e sancionada pelo governador da \u00e9poca, finalizando assim, a institui\u00e7\u00e3o de dia 5 de agosto como oficial&nbsp;a data magna do Estado.&nbsp;<\/p>\n","protected":false},"excerpt":{"rendered":"<p>Quando se aproxima o dia 5 de agosto (funda\u00e7\u00e3o da cidade de Jo\u00e3o Pessoa) sempre surge a d\u00favida se \u00e9 feriado municipal ou estadual. Com&hellip; <\/p>\n","protected":false},"author":2,"featured_media":182022,"comment_status":"closed","ping_status":"closed","sticky":false,"template":"","format":"standard","meta":{"sfsi_plus_gutenberg_text_before_share":"","sfsi_plus_gutenberg_show_text_before_share":"","sfsi_plus_gutenberg_icon_type":"","sfsi_plus_gutenberg_icon_alignemt":"","sfsi_plus_gutenburg_max_per_row":"","footnotes":""},"categories":[2],"tags":[],"class_list":["post-182021","post","type-post","status-publish","format-standard","has-post-thumbnail","hentry","category-geral"],"_links":{"self":[{"href":"https:\/\/www.caririemacao.com\/1\/wp-json\/wp\/v2\/posts\/182021","targetHints":{"allow":["GET"]}}],"collection":[{"href":"https:\/\/www.caririemacao.com\/1\/wp-json\/wp\/v2\/posts"}],"about":[{"href":"https:\/\/www.caririemacao.com\/1\/wp-json\/wp\/v2\/types\/post"}],"author":[{"embeddable":true,"href":"https:\/\/www.caririemacao.com\/1\/wp-json\/wp\/v2\/users\/2"}],"replies":[{"embeddable":true,"href":"https:\/\/www.caririemacao.com\/1\/wp-json\/wp\/v2\/comments?post=182021"}],"version-history":[{"count":1,"href":"https:\/\/www.caririemacao.com\/1\/wp-json\/wp\/v2\/posts\/182021\/revisions"}],"predecessor-version":[{"id":182023,"href":"https:\/\/www.caririemacao.com\/1\/wp-json\/wp\/v2\/posts\/182021\/revisions\/182023"}],"wp:featuredmedia":[{"embeddable":true,"href":"https:\/\/www.caririemacao.com\/1\/wp-json\/wp\/v2\/media\/182022"}],"wp:attachment":[{"href":"https:\/\/www.caririemacao.com\/1\/wp-json\/wp\/v2\/media?parent=182021"}],"wp:term":[{"taxonomy":"category","embeddable":true,"href":"https:\/\/www.caririemacao.com\/1\/wp-json\/wp\/v2\/categories?post=182021"},{"taxonomy":"post_tag","embeddable":true,"href":"https:\/\/www.caririemacao.com\/1\/wp-json\/wp\/v2\/tags?post=182021"}],"curies":[{"name":"wp","href":"https:\/\/api.w.org\/{rel}","templated":true}]}}