{"id":182024,"date":"2020-08-04T13:50:40","date_gmt":"2020-08-04T16:50:40","guid":{"rendered":"https:\/\/www.caririemacao.com\/1\/?p=182024"},"modified":"2020-08-04T13:50:40","modified_gmt":"2020-08-04T16:50:40","slug":"autoridades-da-argentina-monitoram-ao-menos-6-nuvens-de-gafanhotos","status":"publish","type":"post","link":"https:\/\/www.caririemacao.com\/1\/2020\/08\/04\/autoridades-da-argentina-monitoram-ao-menos-6-nuvens-de-gafanhotos\/","title":{"rendered":"Autoridades da Argentina monitoram ao menos 6 nuvens de gafanhotos"},"content":{"rendered":"\n<h1 class=\"wp-block-heading\"><\/h1>\n\n\n\n<p>T\u00e9cnicos do Servi\u00e7o Nacional de Sa\u00fade e Qualidade Agroalimentar (Senasa) da Argentina monitoram pelo menos 6 nuvens de gafanhotos espalhadas pelo pa\u00eds.<\/p>\n\n\n\n<p>Segundo Hector Medina, respons\u00e1vel do Senasa pelo monitoramento dos insetos, das 6 nuvens, 1 j\u00e1 est\u00e1 controlada \u2013 que \u00e9 a que est\u00e1 mais pr\u00f3xima do Brasil.<\/p>\n\n\n\n<p>A \u00faltima nuvem a chegar em territ\u00f3rio argentino, assim como as outras, entrou pelo Paraguai neste fim de semana. A concentra\u00e7\u00e3o est\u00e1 localizada no norte argentino, e os insetos continuam longe do Brasil, a uma dist\u00e2ncia de cerca de 900 km.<\/p>\n\n\n\n<p><strong>Situa\u00e7\u00e3o das nuvens<\/strong><\/p>\n\n\n\n<p>Das 6 nuvens, apenas uma \u2013 a primeira \u2013 est\u00e1 mais pr\u00f3xima do Brasil, a cerca de 90 km do Rio Grande do Sul, por\u00e9m os argentinos j\u00e1 eliminaram mais de 80% dos insetos ap\u00f3s a aplica\u00e7\u00e3o de agrot\u00f3xicos. Hoje, o potencial de estrago dela \u00e9 baixo e o prov\u00e1vel destino da nuvem \u00e9 o Uruguai.<\/p>\n\n\n\n<p>Agora, a que mais preocupa \u00e9 uma de 20 km\u00b2, que tem aproximadamente 800 milh\u00f5es de gafanhotos, tamb\u00e9m localizada ao norte da Argentina.<\/p>\n\n\n\n<p>Pesquisadores da Universidade Federal de Pelotas fizeram proje\u00e7\u00f5es que indicam que essas outras 5 nuvens est\u00e3o no norte da Argentina e n\u00e3o devem chegar ao Brasil nesta semana.<\/p>\n","protected":false},"excerpt":{"rendered":"<p>T\u00e9cnicos do Servi\u00e7o Nacional de Sa\u00fade e Qualidade Agroalimentar (Senasa) da Argentina monitoram pelo menos 6 nuvens de gafanhotos espalhadas pelo pa\u00eds. Segundo Hector Medina,&hellip; <\/p>\n","protected":false},"author":2,"featured_media":182025,"comment_status":"closed","ping_status":"closed","sticky":false,"template":"","format":"standard","meta":{"sfsi_plus_gutenberg_text_before_share":"","sfsi_plus_gutenberg_show_text_before_share":"","sfsi_plus_gutenberg_icon_type":"","sfsi_plus_gutenberg_icon_alignemt":"","sfsi_plus_gutenburg_max_per_row":"","footnotes":""},"categories":[2],"tags":[],"class_list":["post-182024","post","type-post","status-publish","format-standard","has-post-thumbnail","hentry","category-geral"],"_links":{"self":[{"href":"https:\/\/www.caririemacao.com\/1\/wp-json\/wp\/v2\/posts\/182024","targetHints":{"allow":["GET"]}}],"collection":[{"href":"https:\/\/www.caririemacao.com\/1\/wp-json\/wp\/v2\/posts"}],"about":[{"href":"https:\/\/www.caririemacao.com\/1\/wp-json\/wp\/v2\/types\/post"}],"author":[{"embeddable":true,"href":"https:\/\/www.caririemacao.com\/1\/wp-json\/wp\/v2\/users\/2"}],"replies":[{"embeddable":true,"href":"https:\/\/www.caririemacao.com\/1\/wp-json\/wp\/v2\/comments?post=182024"}],"version-history":[{"count":1,"href":"https:\/\/www.caririemacao.com\/1\/wp-json\/wp\/v2\/posts\/182024\/revisions"}],"predecessor-version":[{"id":182026,"href":"https:\/\/www.caririemacao.com\/1\/wp-json\/wp\/v2\/posts\/182024\/revisions\/182026"}],"wp:featuredmedia":[{"embeddable":true,"href":"https:\/\/www.caririemacao.com\/1\/wp-json\/wp\/v2\/media\/182025"}],"wp:attachment":[{"href":"https:\/\/www.caririemacao.com\/1\/wp-json\/wp\/v2\/media?parent=182024"}],"wp:term":[{"taxonomy":"category","embeddable":true,"href":"https:\/\/www.caririemacao.com\/1\/wp-json\/wp\/v2\/categories?post=182024"},{"taxonomy":"post_tag","embeddable":true,"href":"https:\/\/www.caririemacao.com\/1\/wp-json\/wp\/v2\/tags?post=182024"}],"curies":[{"name":"wp","href":"https:\/\/api.w.org\/{rel}","templated":true}]}}