{"id":182028,"date":"2020-08-04T14:00:07","date_gmt":"2020-08-04T17:00:07","guid":{"rendered":"https:\/\/www.caririemacao.com\/1\/?p=182028"},"modified":"2020-08-04T14:00:07","modified_gmt":"2020-08-04T17:00:07","slug":"mec-autoriza-aulas-a-distancia-em-escolas-tecnicas-federais-de-ensino","status":"publish","type":"post","link":"https:\/\/www.caririemacao.com\/1\/2020\/08\/04\/mec-autoriza-aulas-a-distancia-em-escolas-tecnicas-federais-de-ensino\/","title":{"rendered":"MEC autoriza aulas a dist\u00e2ncia em escolas t\u00e9cnicas federais de ensino"},"content":{"rendered":"\n<h2 class=\"wp-block-heading\"><\/h2>\n\n\n\n<p>O Minist\u00e9rio da Educa\u00e7\u00e3o autorizou as institui\u00e7\u00f5es federais de ensino m\u00e9dio t\u00e9cnico e profissional a suspenderem as aulas presenciais ou substitu\u00ed-las por atividades \u00e0 dist\u00e2ncia at\u00e9 31 de dezembro de 2020, em raz\u00e3o da pandemia de covid-19. A portaria de autoriza\u00e7\u00e3o foi publicada hoje (4) no&nbsp;<a href=\"https:\/\/pesquisa.in.gov.br\/imprensa\/jsp\/visualiza\/index.jsp?data=04\/08\/2020&amp;jornal=515&amp;pagina=36\" target=\"_blank\" rel=\"noreferrer noopener\">Di\u00e1rio Oficial da Uni\u00e3o<\/a>&nbsp;e entra em vigor amanh\u00e3 (5).<img decoding=\"async\" data-src=\"https:\/\/agenciabrasil.ebc.com.br\/ebc.png?id=1312918&amp;o=node\" src=\"data:image\/svg+xml;base64,PHN2ZyB3aWR0aD0iMSIgaGVpZ2h0PSIxIiB4bWxucz0iaHR0cDovL3d3dy53My5vcmcvMjAwMC9zdmciPjwvc3ZnPg==\" class=\"lazyload\"><img decoding=\"async\" data-src=\"https:\/\/agenciabrasil.ebc.com.br\/ebc.gif?id=1312918&amp;o=node\" src=\"data:image\/svg+xml;base64,PHN2ZyB3aWR0aD0iMSIgaGVpZ2h0PSIxIiB4bWxucz0iaHR0cDovL3d3dy53My5vcmcvMjAwMC9zdmciPjwvc3ZnPg==\" class=\"lazyload\"><\/p>\n\n\n\n<p>As institui\u00e7\u00f5es que optarem pela suspens\u00e3o das aulas presenciais dever\u00e3o rep\u00f4-las integralmente, para cumprimento da carga hor\u00e1ria total do curso, e poder\u00e3o alterar os seus calend\u00e1rios escolares, inclusive os de recessos e de f\u00e9rias.<\/p>\n\n\n\n<p>J\u00e1 aquelas que optarem por atividades n\u00e3o presenciais dever\u00e3o disponibilizar aos estudantes o acesso \u00e0s ferramentas e materiais de apoio e \u00e0s orienta\u00e7\u00f5es para a continuidade dos estudos \u201ccom maior autonomia intelectual\u201d. As atividades poder\u00e3o ser mediadas ou n\u00e3o por tecnologias digitais.<\/p>\n\n\n\n<p>De acordo com a portaria, os est\u00e1gios e pr\u00e1ticas de laborat\u00f3rios tamb\u00e9m poder\u00e3o ocorrer \u00e0 dist\u00e2ncia desde que garantam a replica\u00e7\u00e3o do ambiente de atividade pr\u00e1tica ou de trabalho, propiciem o desenvolvimento das habilidades e compet\u00eancias esperadas no perfil profissional do t\u00e9cnico, estejam de acordo com a&nbsp;<a href=\"http:\/\/www.planalto.gov.br\/ccivil_03\/_ato2007-2010\/2008\/lei\/l11788.htm\" target=\"_blank\" rel=\"noreferrer noopener\">Lei do Est\u00e1gio<\/a>&nbsp;sejam pass\u00edveis de avalia\u00e7\u00e3o de desempenho e aprovadas pela institui\u00e7\u00e3o de ensino.<\/p>\n\n\n\n<p>Os estudantes de cada curso dever\u00e3o ser comunicados sobre o plano de atividades com anteced\u00eancia m\u00ednima de quarenta e oito horas da execu\u00e7\u00e3o das atividades.<\/p>\n\n\n\n<p>Em julho, o Minist\u00e9rio da Educa\u00e7\u00e3o j\u00e1 havia estendido a&nbsp;<a href=\"https:\/\/agenciabrasil.ebc.com.br\/educacao\/noticia\/2020-06\/mec-autoriza-aulas-line-no-ensino-superior-ate-dezembro\" target=\"_blank\" rel=\"noreferrer noopener\">autoriza\u00e7\u00e3o de aulas a dist\u00e2ncia<\/a>&nbsp;em institui\u00e7\u00f5es federais de ensino superior at\u00e9 31 de dezembro de 2020. A medida tamb\u00e9m flexibilizava os est\u00e1gios e as pr\u00e1ticas em laborat\u00f3rio, que podem ser feitos a dist\u00e2ncia nesse per\u00edodo, exceto nos cursos da \u00e1rea de sa\u00fade.<\/p>\n","protected":false},"excerpt":{"rendered":"<p>O Minist\u00e9rio da Educa\u00e7\u00e3o autorizou as institui\u00e7\u00f5es federais de ensino m\u00e9dio t\u00e9cnico e profissional a suspenderem as aulas presenciais ou substitu\u00ed-las por atividades \u00e0 dist\u00e2ncia&hellip; <\/p>\n","protected":false},"author":2,"featured_media":182029,"comment_status":"closed","ping_status":"closed","sticky":false,"template":"","format":"standard","meta":{"sfsi_plus_gutenberg_text_before_share":"","sfsi_plus_gutenberg_show_text_before_share":"","sfsi_plus_gutenberg_icon_type":"","sfsi_plus_gutenberg_icon_alignemt":"","sfsi_plus_gutenburg_max_per_row":"","footnotes":""},"categories":[2],"tags":[],"class_list":["post-182028","post","type-post","status-publish","format-standard","has-post-thumbnail","hentry","category-geral"],"_links":{"self":[{"href":"https:\/\/www.caririemacao.com\/1\/wp-json\/wp\/v2\/posts\/182028","targetHints":{"allow":["GET"]}}],"collection":[{"href":"https:\/\/www.caririemacao.com\/1\/wp-json\/wp\/v2\/posts"}],"about":[{"href":"https:\/\/www.caririemacao.com\/1\/wp-json\/wp\/v2\/types\/post"}],"author":[{"embeddable":true,"href":"https:\/\/www.caririemacao.com\/1\/wp-json\/wp\/v2\/users\/2"}],"replies":[{"embeddable":true,"href":"https:\/\/www.caririemacao.com\/1\/wp-json\/wp\/v2\/comments?post=182028"}],"version-history":[{"count":1,"href":"https:\/\/www.caririemacao.com\/1\/wp-json\/wp\/v2\/posts\/182028\/revisions"}],"predecessor-version":[{"id":182030,"href":"https:\/\/www.caririemacao.com\/1\/wp-json\/wp\/v2\/posts\/182028\/revisions\/182030"}],"wp:featuredmedia":[{"embeddable":true,"href":"https:\/\/www.caririemacao.com\/1\/wp-json\/wp\/v2\/media\/182029"}],"wp:attachment":[{"href":"https:\/\/www.caririemacao.com\/1\/wp-json\/wp\/v2\/media?parent=182028"}],"wp:term":[{"taxonomy":"category","embeddable":true,"href":"https:\/\/www.caririemacao.com\/1\/wp-json\/wp\/v2\/categories?post=182028"},{"taxonomy":"post_tag","embeddable":true,"href":"https:\/\/www.caririemacao.com\/1\/wp-json\/wp\/v2\/tags?post=182028"}],"curies":[{"name":"wp","href":"https:\/\/api.w.org\/{rel}","templated":true}]}}